{"id":69374,"date":"2017-03-23T11:30:03","date_gmt":"2017-03-23T14:30:03","guid":{"rendered":"http:\/\/www.locoxelrojo.com\/independiente\/?p=69374"},"modified":"2017-03-23T12:50:34","modified_gmt":"2017-03-23T15:50:34","slug":"rojos-mundo-cuesta-debuto-titulo-inter","status":"publish","type":"post","link":"https:\/\/www.locoxelrojo.com\/independiente\/2017\/03\/23\/rojos-mundo-cuesta-debuto-titulo-inter\/","title":{"rendered":"Rojos por el Mundo: Cuesta debut\u00f3 con un t\u00edtulo en el Inter"},"content":{"rendered":"<p>Luego de 95 d\u00edas sin disputar un partido de manera oficial, <strong>V\u00edctor Cuesta\u00a0debut\u00f3 en Inter de Porto Alegre y en su primer partido obtuvo un t\u00edtulo. Se trata de la Recopa Ga\u00facha 2017<\/strong>.<\/p>\n<p>El conjunto que el a\u00f1o pasado descendi\u00f3 a la segunda divisi\u00f3n del f\u00fatbol de Brasil <strong>empat\u00f3 1-1 contra Ypiranga<\/strong> y la copa debi\u00f3 definirse desde los doce pasos. <strong>En la tanda de penales, Inter se impuso 4-3 y levant\u00f3 el trofeo por segundo a\u00f1o consecutivo<\/strong>.<\/p>\n<p><strong>Con la 15 en su espalda, Cuesta\u00a0jug\u00f3 como lateral izquierdo los 90 minutos <\/strong>y<strong>\u00a0<\/strong>sum\u00f3 su tercer\u00a0campeonato en su carrera. Luego del logro obtenido, el defensor expres\u00f3 su felicidad a trav\u00e9s de las redes sociales. <strong>&#8220;Muy feliz por el debut con esta camiseta y por la Recopa Ga\u00facha 2017&#8221;<\/strong>, escribi\u00f3 en su Instagram.<\/p>\n<blockquote class=\"instagram-media\" data-instgrm-captioned data-instgrm-permalink=\"https:\/\/www.instagram.com\/p\/BR9tr7PBg_3\/\" data-instgrm-version=\"8\" style=\" background:#FFF; border:0; border-radius:3px; box-shadow:0 0 1px 0 rgba(0,0,0,0.5),0 1px 10px 0 rgba(0,0,0,0.15); margin: 1px; max-width:658px; padding:0; width:99.375%; width:-webkit-calc(100% - 2px); width:calc(100% - 2px);\">\n<div style=\"padding:8px;\">\n<div style=\" background:#F8F8F8; line-height:0; margin-top:40px; padding:50.0% 0; text-align:center; width:100%;\">\n<div style=\" background:url(data:image\/png;base64,iVBORw0KGgoAAAANSUhEUgAAACwAAAAsCAMAAAApWqozAAAABGdBTUEAALGPC\/xhBQAAAAFzUkdCAK7OHOkAAAAMUExURczMzPf399fX1+bm5mzY9AMAAADiSURBVDjLvZXbEsMgCES5\/P8\/t9FuRVCRmU73JWlzosgSIIZURCjo\/ad+EQJJB4Hv8BFt+IDpQoCx1wjOSBFhh2XssxEIYn3ulI\/6MNReE07UIWJEv8UEOWDS88LY97kqyTliJKKtuYBbruAyVh5wOHiXmpi5we58Ek028czwyuQdLKPG1Bkb4NnM+VeAnfHqn1k4+GPT6uGQcvu2h2OVuIf\/gWUFyy8OWEpdyZSa3aVCqpVoVvzZZ2VTnn2wU8qzVjDDetO90GSy9mVLqtgYSy231MxrY6I2gGqjrTY0L8fxCxfCBbhWrsYYAAAAAElFTkSuQmCC); display:block; height:44px; margin:0 auto -44px; position:relative; top:-22px; width:44px;\"><\/div>\n<\/div>\n<p style=\" margin:8px 0 0 0; padding:0 4px;\"> <a href=\"https:\/\/www.instagram.com\/p\/BR9tr7PBg_3\/\" style=\" color:#000; font-family:Arial,sans-serif; font-size:14px; font-style:normal; font-weight:normal; line-height:17px; text-decoration:none; word-wrap:break-word;\" target=\"_blank\">Muito feliz pela estr\u00e9ia com esta camisa e pela recopa gaucha 2017 \ud83c\udf96\ud83c\udfc6 Muy feliz por \u00e9l debut con esta camiseta y por la recopa gaucha 2017 \ud83c\udf96\ud83c\udfc6 #debut #campeon #vamosinter<\/a><\/p>\n<p style=\" color:#c9c8cd; font-family:Arial,sans-serif; font-size:14px; line-height:17px; margin-bottom:0; margin-top:8px; overflow:hidden; padding:8px 0 7px; text-align:center; text-overflow:ellipsis; white-space:nowrap;\">A post shared by <a href=\"https:\/\/www.instagram.com\/victor_cuesta14\/\" style=\" color:#c9c8cd; font-family:Arial,sans-serif; font-size:14px; font-style:normal; font-weight:normal; line-height:17px;\" target=\"_blank\"> Victor Cuesta \ud83c\udde6\ud83c\uddf7<\/a> (@victor_cuesta14) on <time style=\" font-family:Arial,sans-serif; font-size:14px; line-height:17px;\" datetime=\"2017-03-23T02:42:50+00:00\">Mar 22, 2017 at 7:42pm PDT<\/time><\/p>\n<\/div>\n<\/blockquote>\n<p><script async defer src=\"\/\/www.instagram.com\/embed.js\"><\/script><\/p>\n","protected":false},"excerpt":{"rendered":"<p>Luego de 95 d\u00edas sin disputar un partido de manera oficial, V\u00edctor Cuesta\u00a0debut\u00f3 en Inter de Porto Alegre y en su primer partido obtuvo un t\u00edtulo. Se trata de la Recopa Ga\u00facha 2017. El conjunto que el a\u00f1o pasado descendi\u00f3 a la segunda divisi\u00f3n del f\u00fatbol de Brasil empat\u00f3 1-1 contra Ypiranga y la copa [&hellip;]<\/p>\n","protected":false},"author":19,"featured_media":69375,"comment_status":"open","ping_status":"closed","sticky":false,"template":"","format":"standard","meta":{"_links_to":"","_links_to_target":""},"categories":[2043,3247,3363],"tags":[357,3418,3277,2754],"_links":{"self":[{"href":"https:\/\/www.locoxelrojo.com\/independiente\/wp-json\/wp\/v2\/posts\/69374"}],"collection":[{"href":"https:\/\/www.locoxelrojo.com\/independiente\/wp-json\/wp\/v2\/posts"}],"about":[{"href":"https:\/\/www.locoxelrojo.com\/independiente\/wp-json\/wp\/v2\/types\/post"}],"author":[{"embeddable":true,"href":"https:\/\/www.locoxelrojo.com\/independiente\/wp-json\/wp\/v2\/users\/19"}],"replies":[{"embeddable":true,"href":"https:\/\/www.locoxelrojo.com\/independiente\/wp-json\/wp\/v2\/comments?post=69374"}],"version-history":[{"count":0,"href":"https:\/\/www.locoxelrojo.com\/independiente\/wp-json\/wp\/v2\/posts\/69374\/revisions"}],"wp:featuredmedia":[{"embeddable":true,"href":"https:\/\/www.locoxelrojo.com\/independiente\/wp-json\/wp\/v2\/media\/69375"}],"wp:attachment":[{"href":"https:\/\/www.locoxelrojo.com\/independiente\/wp-json\/wp\/v2\/media?parent=69374"}],"wp:term":[{"taxonomy":"category","embeddable":true,"href":"https:\/\/www.locoxelrojo.com\/independiente\/wp-json\/wp\/v2\/categories?post=69374"},{"taxonomy":"post_tag","embeddable":true,"href":"https:\/\/www.locoxelrojo.com\/independiente\/wp-json\/wp\/v2\/tags?post=69374"}],"curies":[{"name":"wp","href":"https:\/\/api.w.org\/{rel}","templated":true}]}}