{"id":69447,"date":"2017-03-28T17:23:15","date_gmt":"2017-03-28T20:23:15","guid":{"rendered":"http:\/\/www.locoxelrojo.com\/independiente\/?p=69447"},"modified":"2017-03-28T18:10:25","modified_gmt":"2017-03-28T21:10:25","slug":"venta-plateas-vs-velez","status":"publish","type":"post","link":"https:\/\/www.locoxelrojo.com\/independiente\/2017\/03\/28\/venta-plateas-vs-velez\/","title":{"rendered":"Venta de plateas vs. V\u00e9lez"},"content":{"rendered":"<p><strong>Este mi\u00e9rcoles\u00a0empezar\u00e1\u00a0la venta de plateas para el partido ante V\u00e9lez\u00a0de la 18\u00ba fecha<\/strong>, que se jugar\u00e1 el viernes\u00a0a las 21:15\u00a0en el estadio Libertadores de Am\u00e9rica.<\/p>\n<p>Las entradas se comenzar\u00e1n a vender<strong>\u00a0el mi\u00e9rcoles\u00a0de\u00a011:00 a 19:00 en las Sedes de Mitre y Boyac\u00e1<\/strong>, y s\u00f3lo podr\u00e1n comprarlas los\u00a0<strong>socios de Independiente con carnet y cuota al d\u00eda (febrero, como m\u00ednimo)<\/strong>.<\/p>\n<p>La\u00a0<strong>venta para todo p\u00fablico<\/strong>\u00a0(socios e invitados) arrancar\u00e1 el <strong>jueves en los mismos horarios y lugares, y continuar\u00e1 el viernes\u00a0de 10:00 a 15:00<\/strong>.\u00a0Adem\u00e1s, el d\u00eda del partido tambi\u00e9n habr\u00e1 venta en las inmediaciones del Libertadores de Am\u00e9rica: ser\u00e1\u00a0<strong>a partir de las 17:30 en las boleter\u00edas de Col\u00f3n esquina Alsina y en el Complejo de Tenis<\/strong>.<\/p>\n<p><span style=\"text-decoration: underline;\"><strong>Precios<\/strong><\/span><\/p>\n<p><strong>Platea Norte Alta:<\/strong>\u00a0Socios $200 \/ Invitados $450<\/p>\n<p><strong>Platea Bochini Alta:<\/strong>\u00a0Socios $350 \/ Invitados $600<\/p>\n<p><strong>Platea Bochini Baja:<\/strong>\u00a0Socios $500 \/ Invitados $800<\/p>\n<p><strong>Platea Erico Alta:<\/strong>\u00a0Socios $350 \/ Invitados $600<\/p>\n<p><strong>Platea Erico Baja:<\/strong>\u00a0Socios $600 \/ Invitados $900<\/p>\n<p><strong>Gargantas 1 y 2:<\/strong>\u00a0Socios $600 \/ Invitados $900<\/p>\n<p><strong>Garganta 3:<\/strong>\u00a0Socios $500 \/ Invitados $800<\/p>\n<p><strong>Palco Oficial:<\/strong>\u00a0Socios $1.000 \/ Invitados $1.300<\/p>\n","protected":false},"excerpt":{"rendered":"<p>Este mi\u00e9rcoles\u00a0empezar\u00e1\u00a0la venta de plateas para el partido ante V\u00e9lez\u00a0de la 18\u00ba fecha, que se jugar\u00e1 el viernes\u00a0a las 21:15\u00a0en el estadio Libertadores de Am\u00e9rica. Las entradas se comenzar\u00e1n a vender\u00a0el mi\u00e9rcoles\u00a0de\u00a011:00 a 19:00 en las Sedes de Mitre y Boyac\u00e1, y s\u00f3lo podr\u00e1n comprarlas los\u00a0socios de Independiente con carnet y cuota al d\u00eda (febrero, [&hellip;]<\/p>\n","protected":false},"author":8,"featured_media":67551,"comment_status":"open","ping_status":"closed","sticky":false,"template":"","format":"standard","meta":{"_links_to":"","_links_to_target":""},"categories":[3247,19],"tags":[153,3243,2722,2357],"_links":{"self":[{"href":"https:\/\/www.locoxelrojo.com\/independiente\/wp-json\/wp\/v2\/posts\/69447"}],"collection":[{"href":"https:\/\/www.locoxelrojo.com\/independiente\/wp-json\/wp\/v2\/posts"}],"about":[{"href":"https:\/\/www.locoxelrojo.com\/independiente\/wp-json\/wp\/v2\/types\/post"}],"author":[{"embeddable":true,"href":"https:\/\/www.locoxelrojo.com\/independiente\/wp-json\/wp\/v2\/users\/8"}],"replies":[{"embeddable":true,"href":"https:\/\/www.locoxelrojo.com\/independiente\/wp-json\/wp\/v2\/comments?post=69447"}],"version-history":[{"count":0,"href":"https:\/\/www.locoxelrojo.com\/independiente\/wp-json\/wp\/v2\/posts\/69447\/revisions"}],"wp:featuredmedia":[{"embeddable":true,"href":"https:\/\/www.locoxelrojo.com\/independiente\/wp-json\/wp\/v2\/media\/67551"}],"wp:attachment":[{"href":"https:\/\/www.locoxelrojo.com\/independiente\/wp-json\/wp\/v2\/media?parent=69447"}],"wp:term":[{"taxonomy":"category","embeddable":true,"href":"https:\/\/www.locoxelrojo.com\/independiente\/wp-json\/wp\/v2\/categories?post=69447"},{"taxonomy":"post_tag","embeddable":true,"href":"https:\/\/www.locoxelrojo.com\/independiente\/wp-json\/wp\/v2\/tags?post=69447"}],"curies":[{"name":"wp","href":"https:\/\/api.w.org\/{rel}","templated":true}]}}