{"id":69490,"date":"2017-04-01T03:00:26","date_gmt":"2017-04-01T06:00:26","guid":{"rendered":"http:\/\/www.locoxelrojo.com\/independiente\/?p=69490"},"modified":"2017-04-01T12:38:47","modified_gmt":"2017-04-01T15:38:47","slug":"la-reserva-cayo-ante-velez-perdio-la-punta","status":"publish","type":"post","link":"https:\/\/www.locoxelrojo.com\/independiente\/2017\/04\/01\/la-reserva-cayo-ante-velez-perdio-la-punta\/","title":{"rendered":"La Reserva cay\u00f3 ante V\u00e9lez y perdi\u00f3 la punta"},"content":{"rendered":"<p><strong>La Reserva de Independiente sufri\u00f3 el primer traspi\u00e9 del 2017. En Villa Dom\u00ednico, perdi\u00f3 por 1 a 0 ante V\u00e9lez y cedi\u00f3 la punta del campeonato.<\/strong><\/p>\n<p>El equipo de Fernando Ber\u00f3n sali\u00f3 al campo de juego con: <strong>Franco V\u00e9lez; Sergio D\u00edaz, Lautaro Caride, Enzo Tamborelli, Iv\u00e1n L\u00f3pez; El\u00edas Contreras, Diego Mercado, Nicol\u00e1s Del Priore; Ezequiel Denis, Nicol\u00e1s Messiniti y Lucas Lezcano.<\/strong><\/p>\n<p>Luego de la postergaci\u00f3n ante Defensa y Justicia, el Rojo recibi\u00f3 al Fort\u00edn pero no pudo festejar.<strong> A los 24 minutos del primer tiempo, Favio Dur\u00e1n le gan\u00f3 la posici\u00f3n a Caride y defini\u00f3 ante la salida del arquero<\/strong> para marcar el 1 a 0 a favor del visitante.<\/p>\n<p>Ya en el complemento, Ber\u00f3n apost\u00f3 por realizar variantes y el equipo lo fue a buscar, <strong>aunque le falt\u00f3 claridad para llegar al empate.<\/strong><\/p>\n<p>Con esta derrota, <strong>la Reserva se qued\u00f3 en 32 unidades, producto de 10 victorias, 2 empates y 3 derrotas y cedi\u00f3 la punta del torneo a manos de Newell&#8217;s<\/strong> (34 puntos). Lo cierto es que el equipo de Ber\u00f3n a\u00fan <strong>tiene tres encuentros postergados<\/strong>: ante Racing, Talleres y Defensa y Justicia.<\/p>\n<p><span style=\"color: #808080;\"><em>Foto: Club Atl\u00e9tico Independiente<\/em><\/span><\/p>\n","protected":false},"excerpt":{"rendered":"<p>La Reserva de Independiente sufri\u00f3 el primer traspi\u00e9 del 2017. En Villa Dom\u00ednico, perdi\u00f3 por 1 a 0 ante V\u00e9lez y cedi\u00f3 la punta del campeonato. El equipo de Fernando Ber\u00f3n sali\u00f3 al campo de juego con: Franco V\u00e9lez; Sergio D\u00edaz, Lautaro Caride, Enzo Tamborelli, Iv\u00e1n L\u00f3pez; El\u00edas Contreras, Diego Mercado, Nicol\u00e1s Del Priore; Ezequiel [&hellip;]<\/p>\n","protected":false},"author":14,"featured_media":69491,"comment_status":"open","ping_status":"closed","sticky":false,"template":"","format":"standard","meta":{"_links_to":"","_links_to_target":""},"categories":[3247,141],"tags":[2862,231,741,213],"_links":{"self":[{"href":"https:\/\/www.locoxelrojo.com\/independiente\/wp-json\/wp\/v2\/posts\/69490"}],"collection":[{"href":"https:\/\/www.locoxelrojo.com\/independiente\/wp-json\/wp\/v2\/posts"}],"about":[{"href":"https:\/\/www.locoxelrojo.com\/independiente\/wp-json\/wp\/v2\/types\/post"}],"author":[{"embeddable":true,"href":"https:\/\/www.locoxelrojo.com\/independiente\/wp-json\/wp\/v2\/users\/14"}],"replies":[{"embeddable":true,"href":"https:\/\/www.locoxelrojo.com\/independiente\/wp-json\/wp\/v2\/comments?post=69490"}],"version-history":[{"count":0,"href":"https:\/\/www.locoxelrojo.com\/independiente\/wp-json\/wp\/v2\/posts\/69490\/revisions"}],"wp:featuredmedia":[{"embeddable":true,"href":"https:\/\/www.locoxelrojo.com\/independiente\/wp-json\/wp\/v2\/media\/69491"}],"wp:attachment":[{"href":"https:\/\/www.locoxelrojo.com\/independiente\/wp-json\/wp\/v2\/media?parent=69490"}],"wp:term":[{"taxonomy":"category","embeddable":true,"href":"https:\/\/www.locoxelrojo.com\/independiente\/wp-json\/wp\/v2\/categories?post=69490"},{"taxonomy":"post_tag","embeddable":true,"href":"https:\/\/www.locoxelrojo.com\/independiente\/wp-json\/wp\/v2\/tags?post=69490"}],"curies":[{"name":"wp","href":"https:\/\/api.w.org\/{rel}","templated":true}]}}