{"id":69538,"date":"2017-04-03T18:43:00","date_gmt":"2017-04-03T21:43:00","guid":{"rendered":"http:\/\/www.locoxelrojo.com\/independiente\/?p=69538"},"modified":"2017-04-03T18:43:00","modified_gmt":"2017-04-03T21:43:00","slug":"asi-llega-alianza-lima","status":"publish","type":"post","link":"https:\/\/www.locoxelrojo.com\/independiente\/2017\/04\/03\/asi-llega-alianza-lima\/","title":{"rendered":"As\u00ed llega Alianza Lima"},"content":{"rendered":"<p>Independiente recibir\u00e1 al equipo peruano este martes desde las 21:45 en el estadio Libertadores de Am\u00e9rica, por el partido de ida de la segunda fase de la Copa Sudamericana. <strong>Los Aliancistas jugaron su \u00faltimo partido hace veinte d\u00edas y esperan dar la sorpresa en Avellaneda.<\/strong><\/p>\n<p><strong>El equipo que dirige Pablo Bengoechea tuvo su \u00faltima presentaci\u00f3n el 12 de marzo como local ante Juan Aurich y gan\u00f3 por 7 a 2, por eso la gran expectativa de llevarse un buen resultado ante el Rojo.<\/strong> En lo que va del campeonato, Los \u00cdntimos suman 12 puntos y se ubican en el cuarto puesto, producto de 3 victorias, 3 empates y 1 derrota.<\/p>\n<p>La fecha de Eliminatorias y la suspensi\u00f3n del Torneo de Verano por las lluvias no le permiti\u00f3 tener competencia oficial y eso le puede jugar en contra, <strong>aunque el largo descanso le sirvi\u00f3 al t\u00e9cnico para preparar mejor el duelo ante Independiente.<\/strong><\/p>\n<p><strong>&#8220;Sue\u00f1o con marcar un gol en Avellaneda y ojal\u00e1 sea el del triunfo. Si hacemos un partido inteligente, en Matute aseguraremos la llave&#8221;<\/strong>, manifest\u00f3 el delantero Lionard Pajoy, qui\u00e9n regresa luego de dos meses sin jugar.<\/p>\n<p>De no mediar inconvenientes de \u00faltimo momento, los once de Alianza Lima ser\u00e1n: <strong>Leao Burt\u00f3n; Paolo de la Haza, Miguel Araujo, Gonzalo Godoy, Alexis Cossio; Luis Ram\u00edrez, Aldair Fuentes, Luis Aguiar, Alejandro Hohberg, Germ\u00e1n Pacheco -ex Independiente-; Lionard Pajoy.<\/strong><\/p>\n<p>El conjunto peruano lleg\u00f3 el domingo por la tarde a Buenos Aires y este lunes tuvo su primer entrenamiento en el pa\u00eds. <strong>El partido de vuelta ser\u00e1 el 31 de mayo en el estadio Alejandro Villanueva.<\/strong><\/p>\n","protected":false},"excerpt":{"rendered":"<p>Independiente recibir\u00e1 al equipo peruano este martes desde las 21:45 en el estadio Libertadores de Am\u00e9rica, por el partido de ida de la segunda fase de la Copa Sudamericana. Los Aliancistas jugaron su \u00faltimo partido hace veinte d\u00edas y esperan dar la sorpresa en Avellaneda. El equipo que dirige Pablo Bengoechea tuvo su \u00faltima presentaci\u00f3n [&hellip;]<\/p>\n","protected":false},"author":14,"featured_media":69540,"comment_status":"open","ping_status":"closed","sticky":false,"template":"","format":"standard","meta":{"_links_to":"","_links_to_target":""},"categories":[1990,3247],"tags":[3389,3347,3275],"_links":{"self":[{"href":"https:\/\/www.locoxelrojo.com\/independiente\/wp-json\/wp\/v2\/posts\/69538"}],"collection":[{"href":"https:\/\/www.locoxelrojo.com\/independiente\/wp-json\/wp\/v2\/posts"}],"about":[{"href":"https:\/\/www.locoxelrojo.com\/independiente\/wp-json\/wp\/v2\/types\/post"}],"author":[{"embeddable":true,"href":"https:\/\/www.locoxelrojo.com\/independiente\/wp-json\/wp\/v2\/users\/14"}],"replies":[{"embeddable":true,"href":"https:\/\/www.locoxelrojo.com\/independiente\/wp-json\/wp\/v2\/comments?post=69538"}],"version-history":[{"count":0,"href":"https:\/\/www.locoxelrojo.com\/independiente\/wp-json\/wp\/v2\/posts\/69538\/revisions"}],"wp:featuredmedia":[{"embeddable":true,"href":"https:\/\/www.locoxelrojo.com\/independiente\/wp-json\/wp\/v2\/media\/69540"}],"wp:attachment":[{"href":"https:\/\/www.locoxelrojo.com\/independiente\/wp-json\/wp\/v2\/media?parent=69538"}],"wp:term":[{"taxonomy":"category","embeddable":true,"href":"https:\/\/www.locoxelrojo.com\/independiente\/wp-json\/wp\/v2\/categories?post=69538"},{"taxonomy":"post_tag","embeddable":true,"href":"https:\/\/www.locoxelrojo.com\/independiente\/wp-json\/wp\/v2\/tags?post=69538"}],"curies":[{"name":"wp","href":"https:\/\/api.w.org\/{rel}","templated":true}]}}