{"id":69543,"date":"2017-04-03T21:21:48","date_gmt":"2017-04-04T00:21:48","guid":{"rendered":"http:\/\/www.locoxelrojo.com\/independiente\/?p=69543"},"modified":"2017-04-03T22:04:22","modified_gmt":"2017-04-04T01:04:22","slug":"concentrados-vs-alianza-lima-25-leandro-fernandez","status":"publish","type":"post","link":"https:\/\/www.locoxelrojo.com\/independiente\/2017\/04\/03\/concentrados-vs-alianza-lima-25-leandro-fernandez\/","title":{"rendered":"Concentrados vs. Alianza Lima: 25 con Leandro Fern\u00e1ndez"},"content":{"rendered":"<p><strong>Ariel Holan entreg\u00f3 la lista de 25 concentrados de Independiente para recibir a Alianza Lima en el debut por Copa Sudamericana.<\/strong><\/p>\n<p>En la n\u00f3mina para enfrentar al conjunto peruano sobresale <strong>el regreso\u00a0de Leandro Fern\u00e1ndez, quien\u00a0vuelve a\u00a0concentrar con el plantel de Primera despu\u00e9s de siete meses<\/strong>, desde\u00a0aquel partido ante Belgrano en el que se rompi\u00f3 los ligamentos de su rodilla.<\/p>\n<p>La recuperaci\u00f3n del delantero avanz\u00f3 muy r\u00e1pido, a tal punto que en las \u00faltimas pr\u00e1cticas sum\u00f3 algunos minutos de f\u00fatbol adem\u00e1s de los tradicionales ejercicios f\u00edsicos. <strong>Su presencia en el banco de suplentes es dif\u00edcil, aunque se espera que est\u00e9 disponible para la revancha el pr\u00f3ximo 31 de mayo<\/strong>.<\/p>\n<p><span style=\"text-decoration: underline;\"><strong>Los 25 que eligi\u00f3 Ariel Holan<\/strong><\/span><\/p>\n<p><strong>Arqueros:<\/strong> Mart\u00edn Campa\u00f1a, Gonzalo Rehak y Dami\u00e1n Albil.<\/p>\n<p><strong>Defensores:<\/strong> Fabricio Bustos, Alan Franco, Nicol\u00e1s Figal, Nicol\u00e1s Tagliafico, Gustavo Toledo, Dami\u00e1n Mart\u00ednez y N\u00e9stor Breitenbruch.<\/p>\n<p><strong>Mediocampistas:<\/strong> Emiliano Rigoni, Walter Erviti, Nery Dom\u00ednguez, Maximiliano Meza, Ezequiel Barco, Diego Rodr\u00edguez, Juan S\u00e1nchez Mi\u00f1o, Domingo Blanco, Juli\u00e1n Vitale y Leonel \u00c1lvarez.<\/p>\n<p><strong>Delanteros:<\/strong> Lucas Albertengo, Emmanuel Gigliotti, Mart\u00edn Ben\u00edtez,\u00a0Gast\u00f3n Togni y Leandro Fern\u00e1ndez.<\/p>\n","protected":false},"excerpt":{"rendered":"<p>Ariel Holan entreg\u00f3 la lista de 25 concentrados de Independiente para recibir a Alianza Lima en el debut por Copa Sudamericana. En la n\u00f3mina para enfrentar al conjunto peruano sobresale el regreso\u00a0de Leandro Fern\u00e1ndez, quien\u00a0vuelve a\u00a0concentrar con el plantel de Primera despu\u00e9s de siete meses, desde\u00a0aquel partido ante Belgrano en el que se rompi\u00f3 los [&hellip;]<\/p>\n","protected":false},"author":8,"featured_media":68623,"comment_status":"open","ping_status":"closed","sticky":false,"template":"","format":"standard","meta":{"_links_to":"","_links_to_target":""},"categories":[3247,3],"tags":[153,2024,3347,2921],"_links":{"self":[{"href":"https:\/\/www.locoxelrojo.com\/independiente\/wp-json\/wp\/v2\/posts\/69543"}],"collection":[{"href":"https:\/\/www.locoxelrojo.com\/independiente\/wp-json\/wp\/v2\/posts"}],"about":[{"href":"https:\/\/www.locoxelrojo.com\/independiente\/wp-json\/wp\/v2\/types\/post"}],"author":[{"embeddable":true,"href":"https:\/\/www.locoxelrojo.com\/independiente\/wp-json\/wp\/v2\/users\/8"}],"replies":[{"embeddable":true,"href":"https:\/\/www.locoxelrojo.com\/independiente\/wp-json\/wp\/v2\/comments?post=69543"}],"version-history":[{"count":0,"href":"https:\/\/www.locoxelrojo.com\/independiente\/wp-json\/wp\/v2\/posts\/69543\/revisions"}],"wp:featuredmedia":[{"embeddable":true,"href":"https:\/\/www.locoxelrojo.com\/independiente\/wp-json\/wp\/v2\/media\/68623"}],"wp:attachment":[{"href":"https:\/\/www.locoxelrojo.com\/independiente\/wp-json\/wp\/v2\/media?parent=69543"}],"wp:term":[{"taxonomy":"category","embeddable":true,"href":"https:\/\/www.locoxelrojo.com\/independiente\/wp-json\/wp\/v2\/categories?post=69543"},{"taxonomy":"post_tag","embeddable":true,"href":"https:\/\/www.locoxelrojo.com\/independiente\/wp-json\/wp\/v2\/tags?post=69543"}],"curies":[{"name":"wp","href":"https:\/\/api.w.org\/{rel}","templated":true}]}}