{"id":69743,"date":"2017-04-17T18:54:10","date_gmt":"2017-04-17T21:54:10","guid":{"rendered":"http:\/\/www.locoxelrojo.com\/independiente\/?p=69743"},"modified":"2017-04-17T18:59:01","modified_gmt":"2017-04-17T21:59:01","slug":"concentrados-vs-talleres-vuelve-toledo","status":"publish","type":"post","link":"https:\/\/www.locoxelrojo.com\/independiente\/2017\/04\/17\/concentrados-vs-talleres-vuelve-toledo\/","title":{"rendered":"Concentrados vs. Talleres: vuelve Toledo"},"content":{"rendered":"<p>Una vez finalizada <a href=\"https:\/\/www.locoxelrojo.com\/independiente\/2017\/04\/17\/ya-piensa-duelo-talleres\/\">la pr\u00e1ctica de esta ma\u00f1ana en Villa Dom\u00ednico<\/a>, <strong>Ariel Holan entreg\u00f3 la lista de 19 convocados que viajar\u00e1n ma\u00f1ana a C\u00f3rdoba para el encuentro ante Talleres<\/strong>. Uno de ellos quedar\u00e1 afuera del banco de suplentes.<\/p>\n<p>Las novedades m\u00e1s destacadas pasan por <strong><a href=\"https:\/\/www.locoxelrojo.com\/independiente\/2017\/04\/17\/descartados-2\/\">las ausencias de Walter Erviti y Alan Franco<\/a><\/strong>. El ex Banfield padece de un\u00a0esguince en su rodilla izquierda y el juvenil, un golpe en el costal izquierdo.<\/p>\n<p>Con respecto a los concentrados del \u00faltimo encuentro s\u00f3lo se registr\u00f3 un ingreso ante las dos bajas anteriormente mencionadas. <strong>Se trata de la vuelta de Gustavo Toledo<\/strong>.<\/p>\n<p><strong>A continuaci\u00f3n, los 19\u00a0concentrados:<\/strong><\/p>\n<p><span style=\"text-decoration: underline;\"><strong>Arqueros:<\/strong><\/span> Mart\u00edn Campa\u00f1a\u00a0y Gonzalo Rehak.<\/p>\n<p><span style=\"text-decoration: underline;\"><strong>Defensores:<\/strong><\/span> Fabricio Bustos, Nicol\u00e1s Figal, Gustavo Toledo, Nicol\u00e1s Tagliafico, N\u00e9stor Breitenbruch\u00a0y Dami\u00e1n Mart\u00ednez.<\/p>\n<p><span style=\"text-decoration: underline;\"><strong>Volantes:<\/strong><\/span> Juan S\u00e1nchez Mi\u00f1o, Emiliano Rigoni, Nery Dom\u00ednguez, Walter Erviti, Ezequiel Barco, Maximiliano Meza, Domingo Blanco y\u00a0Diego Rodr\u00edguez.<\/p>\n<p><span style=\"text-decoration: underline;\"><strong>Delanteros:<\/strong><\/span> Emmanuel Gigliotti, Lucas Albertengo, Mart\u00edn Ben\u00edtez y Gast\u00f3n Togni.<\/p>\n","protected":false},"excerpt":{"rendered":"<p>Una vez finalizada la pr\u00e1ctica de esta ma\u00f1ana en Villa Dom\u00ednico, Ariel Holan entreg\u00f3 la lista de 19 convocados que viajar\u00e1n ma\u00f1ana a C\u00f3rdoba para el encuentro ante Talleres. Uno de ellos quedar\u00e1 afuera del banco de suplentes. Las novedades m\u00e1s destacadas pasan por las ausencias de Walter Erviti y Alan Franco. El ex Banfield [&hellip;]<\/p>\n","protected":false},"author":19,"featured_media":69744,"comment_status":"open","ping_status":"closed","sticky":false,"template":"","format":"standard","meta":{"_links_to":"","_links_to_target":""},"categories":[3247,3],"tags":[3231,153,2024,2883,529,3243,2041],"_links":{"self":[{"href":"https:\/\/www.locoxelrojo.com\/independiente\/wp-json\/wp\/v2\/posts\/69743"}],"collection":[{"href":"https:\/\/www.locoxelrojo.com\/independiente\/wp-json\/wp\/v2\/posts"}],"about":[{"href":"https:\/\/www.locoxelrojo.com\/independiente\/wp-json\/wp\/v2\/types\/post"}],"author":[{"embeddable":true,"href":"https:\/\/www.locoxelrojo.com\/independiente\/wp-json\/wp\/v2\/users\/19"}],"replies":[{"embeddable":true,"href":"https:\/\/www.locoxelrojo.com\/independiente\/wp-json\/wp\/v2\/comments?post=69743"}],"version-history":[{"count":0,"href":"https:\/\/www.locoxelrojo.com\/independiente\/wp-json\/wp\/v2\/posts\/69743\/revisions"}],"wp:featuredmedia":[{"embeddable":true,"href":"https:\/\/www.locoxelrojo.com\/independiente\/wp-json\/wp\/v2\/media\/69744"}],"wp:attachment":[{"href":"https:\/\/www.locoxelrojo.com\/independiente\/wp-json\/wp\/v2\/media?parent=69743"}],"wp:term":[{"taxonomy":"category","embeddable":true,"href":"https:\/\/www.locoxelrojo.com\/independiente\/wp-json\/wp\/v2\/categories?post=69743"},{"taxonomy":"post_tag","embeddable":true,"href":"https:\/\/www.locoxelrojo.com\/independiente\/wp-json\/wp\/v2\/tags?post=69743"}],"curies":[{"name":"wp","href":"https:\/\/api.w.org\/{rel}","templated":true}]}}