{"id":69777,"date":"2017-04-20T10:05:34","date_gmt":"2017-04-20T13:05:34","guid":{"rendered":"http:\/\/www.locoxelrojo.com\/independiente\/?p=69777"},"modified":"2017-04-20T14:12:40","modified_gmt":"2017-04-20T17:12:40","slug":"declaraciones-cruzadas-la-cesion-barco-al-sub-20","status":"publish","type":"post","link":"https:\/\/www.locoxelrojo.com\/independiente\/2017\/04\/20\/declaraciones-cruzadas-la-cesion-barco-al-sub-20\/","title":{"rendered":"Declaraciones cruzadas por la cesi\u00f3n de Barco al Sub 20"},"content":{"rendered":"<p>La novela de <strong>Ezequiel Barco<\/strong> con Independiente y la Selecci\u00f3n argentina Sub 20 volvi\u00f3 a escribir un nuevo cap\u00edtulo.\u00a0Luego de <a href=\"https:\/\/www.locoxelrojo.com\/independiente\/2017\/04\/17\/maldonado-no-ceder-barco-al-sub-20\/\">las declaraciones de H\u00e9ctor Maldonado<\/a>,\u00a0<strong>salieron a hablar Jorge Damiani y Noray Nakis, quienes no coincidieron en su parecer<\/strong>.<\/p>\n<p>Damiani, secretario deportivo de la instituci\u00f3n, dijo en Radio La Red: <strong>&#8220;Yo creo que Barco no va a ser cedido.\u00a0Vamos a ir a hablar con Claudio \u00dabeda para que se aclare todo esto. Yo creo que \u00e9l va a entender que Barco es muy importante para el equipo&#8221;<\/strong>.<\/p>\n<p>Por otro lado, el vicepresidente primero del club asegur\u00f3: <strong>&#8220;Respeto a Monta\u00f1a, pero no hay que negarle jugadores al seleccionado. No es idea de Hugo Moyano que el delantero no vaya. Para m\u00ed hay que dejarlo ir&#8221;<\/strong>.<\/p>\n<p>Dado este panorama, desde <strong>LocoXelRojo<\/strong> le preguntamos al hincha qu\u00e9 har\u00eda en lugar de los dirigentes. <strong>\u00bfDebe ir\u00a0Barco a la Selecci\u00f3n argentina Sub 20?<\/strong><\/p>\n<p><iframe loading=\"lazy\" style=\"border: none; overflow: hidden;\" src=\"https:\/\/www.facebook.com\/plugins\/post.php?href=https%3A%2F%2Fwww.facebook.com%2FLocoXelRojoWeb%2Fposts%2F1487244851326814%3A0&amp;width=500\" width=\"500\" height=\"485\" frameborder=\"0\" scrolling=\"no\"><\/iframe><\/p>\n","protected":false},"excerpt":{"rendered":"<p>La novela de Ezequiel Barco con Independiente y la Selecci\u00f3n argentina Sub 20 volvi\u00f3 a escribir un nuevo cap\u00edtulo.\u00a0Luego de las declaraciones de H\u00e9ctor Maldonado,\u00a0salieron a hablar Jorge Damiani y Noray Nakis, quienes no coincidieron en su parecer. Damiani, secretario deportivo de la instituci\u00f3n, dijo en Radio La Red: &#8220;Yo creo que Barco no va [&hellip;]<\/p>\n","protected":false},"author":19,"featured_media":69800,"comment_status":"open","ping_status":"closed","sticky":false,"template":"","format":"standard","meta":{"_links_to":"","_links_to_target":""},"categories":[3280,3247],"tags":[3215,2661,50],"_links":{"self":[{"href":"https:\/\/www.locoxelrojo.com\/independiente\/wp-json\/wp\/v2\/posts\/69777"}],"collection":[{"href":"https:\/\/www.locoxelrojo.com\/independiente\/wp-json\/wp\/v2\/posts"}],"about":[{"href":"https:\/\/www.locoxelrojo.com\/independiente\/wp-json\/wp\/v2\/types\/post"}],"author":[{"embeddable":true,"href":"https:\/\/www.locoxelrojo.com\/independiente\/wp-json\/wp\/v2\/users\/19"}],"replies":[{"embeddable":true,"href":"https:\/\/www.locoxelrojo.com\/independiente\/wp-json\/wp\/v2\/comments?post=69777"}],"version-history":[{"count":0,"href":"https:\/\/www.locoxelrojo.com\/independiente\/wp-json\/wp\/v2\/posts\/69777\/revisions"}],"wp:featuredmedia":[{"embeddable":true,"href":"https:\/\/www.locoxelrojo.com\/independiente\/wp-json\/wp\/v2\/media\/69800"}],"wp:attachment":[{"href":"https:\/\/www.locoxelrojo.com\/independiente\/wp-json\/wp\/v2\/media?parent=69777"}],"wp:term":[{"taxonomy":"category","embeddable":true,"href":"https:\/\/www.locoxelrojo.com\/independiente\/wp-json\/wp\/v2\/categories?post=69777"},{"taxonomy":"post_tag","embeddable":true,"href":"https:\/\/www.locoxelrojo.com\/independiente\/wp-json\/wp\/v2\/tags?post=69777"}],"curies":[{"name":"wp","href":"https:\/\/api.w.org\/{rel}","templated":true}]}}