{"id":69820,"date":"2017-04-21T15:45:07","date_gmt":"2017-04-21T18:45:07","guid":{"rendered":"http:\/\/www.locoxelrojo.com\/independiente\/?p=69820"},"modified":"2017-04-21T16:26:56","modified_gmt":"2017-04-21T19:26:56","slug":"erviti-quedo-descartado-ante-arsenal","status":"publish","type":"post","link":"https:\/\/www.locoxelrojo.com\/independiente\/2017\/04\/21\/erviti-quedo-descartado-ante-arsenal\/","title":{"rendered":"Erviti qued\u00f3 descartado ante Arsenal"},"content":{"rendered":"<p>Luego de la pr\u00e1ctica de esta ma\u00f1ana en Villa Dom\u00ednico, <strong>el cuerpo t\u00e9cnico\u00a0resolvi\u00f3 marginar\u00a0a Walter Erviti del encuentro frente a Arsenal del pr\u00f3ximo domingo<\/strong>.<\/p>\n<p><a href=\"https:\/\/www.locoxelrojo.com\/independiente\/2017\/04\/21\/kohan-no-arriesgar-erviti-franco-ante-arsenal\/\"><strong>&#8220;No vamos a arriesgar a Erviti ni a Franco ante Arsenal&#8221;<\/strong><\/a>, hab\u00eda declarado el preparador f\u00edsico, Alejandro Kohan.\u00a0Lo cierto es que <strong>hoy se confirm\u00f3 que el ex Banfield tampoco\u00a0estar\u00e1 frente a los del Viaducto <\/strong>tal como ocurri\u00f3 ante Talleres.<\/p>\n<p>Por su parte, <strong>la situaci\u00f3n del defensor es incierta<\/strong>. Si bien \u00e9l se siente recuperado del golpe recibido en la zona costal ante Atl\u00e9tico Rafaela, la \u00faltima palabra la tiene\u00a0<strong>Ariel Holan, quien ma\u00f1ana definir\u00e1 su situaci\u00f3n<\/strong>.<\/p>\n<p>El resto del plantel, por su parte, trabaj\u00f3 en el Centro de Alto Rendimiento haciendo hincapi\u00e9 en labores f\u00edsicas y ejercicios con pelota.<\/p>\n","protected":false},"excerpt":{"rendered":"<p>Luego de la pr\u00e1ctica de esta ma\u00f1ana en Villa Dom\u00ednico, el cuerpo t\u00e9cnico\u00a0resolvi\u00f3 marginar\u00a0a Walter Erviti del encuentro frente a Arsenal del pr\u00f3ximo domingo. &#8220;No vamos a arriesgar a Erviti ni a Franco ante Arsenal&#8221;, hab\u00eda declarado el preparador f\u00edsico, Alejandro Kohan.\u00a0Lo cierto es que hoy se confirm\u00f3 que el ex Banfield tampoco\u00a0estar\u00e1 frente a [&hellip;]<\/p>\n","protected":false},"author":19,"featured_media":69821,"comment_status":"open","ping_status":"closed","sticky":false,"template":"","format":"standard","meta":{"_links_to":"","_links_to_target":""},"categories":[3247,3],"tags":[3231,26,1683,2041],"_links":{"self":[{"href":"https:\/\/www.locoxelrojo.com\/independiente\/wp-json\/wp\/v2\/posts\/69820"}],"collection":[{"href":"https:\/\/www.locoxelrojo.com\/independiente\/wp-json\/wp\/v2\/posts"}],"about":[{"href":"https:\/\/www.locoxelrojo.com\/independiente\/wp-json\/wp\/v2\/types\/post"}],"author":[{"embeddable":true,"href":"https:\/\/www.locoxelrojo.com\/independiente\/wp-json\/wp\/v2\/users\/19"}],"replies":[{"embeddable":true,"href":"https:\/\/www.locoxelrojo.com\/independiente\/wp-json\/wp\/v2\/comments?post=69820"}],"version-history":[{"count":0,"href":"https:\/\/www.locoxelrojo.com\/independiente\/wp-json\/wp\/v2\/posts\/69820\/revisions"}],"wp:featuredmedia":[{"embeddable":true,"href":"https:\/\/www.locoxelrojo.com\/independiente\/wp-json\/wp\/v2\/media\/69821"}],"wp:attachment":[{"href":"https:\/\/www.locoxelrojo.com\/independiente\/wp-json\/wp\/v2\/media?parent=69820"}],"wp:term":[{"taxonomy":"category","embeddable":true,"href":"https:\/\/www.locoxelrojo.com\/independiente\/wp-json\/wp\/v2\/categories?post=69820"},{"taxonomy":"post_tag","embeddable":true,"href":"https:\/\/www.locoxelrojo.com\/independiente\/wp-json\/wp\/v2\/tags?post=69820"}],"curies":[{"name":"wp","href":"https:\/\/api.w.org\/{rel}","templated":true}]}}