{"id":69934,"date":"2017-04-27T11:00:29","date_gmt":"2017-04-27T14:00:29","guid":{"rendered":"http:\/\/www.locoxelrojo.com\/independiente\/?p=69934"},"modified":"2017-04-27T15:40:59","modified_gmt":"2017-04-27T18:40:59","slug":"suma-minutos-reserva","status":"publish","type":"post","link":"https:\/\/www.locoxelrojo.com\/independiente\/2017\/04\/27\/suma-minutos-reserva\/","title":{"rendered":"Suma minutos en Reserva"},"content":{"rendered":"<p>A casi 8 meses desde su lesi\u00f3n, Leandro Fern\u00e1ndez fue habilitado para disputar los partidos de Reserva, Copa Argentina y Copa Sudamericana. <strong>El delantero sumar\u00e1 minutos este viernes cuando los de Fernando Ber\u00f3n enfrenten a Estudiantes. <\/strong><\/p>\n<p>Fern\u00e1ndez sufri\u00f3 la en agosto del a\u00f1o pasado. En este 2017, tuvo un peque\u00f1o traspi\u00e9 con la rotura de los meniscos, sin embargo, su recuperaci\u00f3n en el \u00faltimo tiempo fue muy favorable. <strong>Tal es as\u00ed, que ya trabaja a la par de sus compa\u00f1eros y jug\u00f3 en buen nivel (con gol incluido) un amistoso ante Trist\u00e1n Su\u00e1rez. <\/strong><\/p>\n<p><strong>Ya recibi\u00f3 la habilitaci\u00f3n para poder jugar en Reserva, Copa Argentina y tambi\u00e9n integra la lista de jugadores que pueden disputar los partidos de Copa Sudamericana<\/strong>. Para hacerlo en el torneo local, Ariel Holan deber\u00e1 elegir entre \u00e9l o Maximiliano Meza, hasta la pr\u00f3xima temporada.<\/p>\n<p>Por eso, el cuerpo t\u00e9cnico y m\u00e9dico, junto con la buena predisposici\u00f3n de Ber\u00f3n, optaron para que comience a sumar minutos en Reserva. De esta manera, <strong>cuando este viernes a partir de las 10 de la ma\u00f1ana el Rojo reciba al Pincha en el predio de Villa Dom\u00ednico, Fern\u00e1ndez volver\u00e1 a las canchas y comenzar\u00e1 con su etapa de ponerse a punto desde lo futbol\u00edstico.<\/strong><\/p>\n","protected":false},"excerpt":{"rendered":"<p>A casi 8 meses desde su lesi\u00f3n, Leandro Fern\u00e1ndez fue habilitado para disputar los partidos de Reserva, Copa Argentina y Copa Sudamericana. El delantero sumar\u00e1 minutos este viernes cuando los de Fernando Ber\u00f3n enfrenten a Estudiantes. Fern\u00e1ndez sufri\u00f3 la en agosto del a\u00f1o pasado. En este 2017, tuvo un peque\u00f1o traspi\u00e9 con la rotura de [&hellip;]<\/p>\n","protected":false},"author":1,"featured_media":69938,"comment_status":"open","ping_status":"closed","sticky":false,"template":"","format":"standard","meta":{"_links_to":"","_links_to_target":""},"categories":[3247,141],"tags":[2921,3270],"_links":{"self":[{"href":"https:\/\/www.locoxelrojo.com\/independiente\/wp-json\/wp\/v2\/posts\/69934"}],"collection":[{"href":"https:\/\/www.locoxelrojo.com\/independiente\/wp-json\/wp\/v2\/posts"}],"about":[{"href":"https:\/\/www.locoxelrojo.com\/independiente\/wp-json\/wp\/v2\/types\/post"}],"author":[{"embeddable":true,"href":"https:\/\/www.locoxelrojo.com\/independiente\/wp-json\/wp\/v2\/users\/1"}],"replies":[{"embeddable":true,"href":"https:\/\/www.locoxelrojo.com\/independiente\/wp-json\/wp\/v2\/comments?post=69934"}],"version-history":[{"count":0,"href":"https:\/\/www.locoxelrojo.com\/independiente\/wp-json\/wp\/v2\/posts\/69934\/revisions"}],"wp:featuredmedia":[{"embeddable":true,"href":"https:\/\/www.locoxelrojo.com\/independiente\/wp-json\/wp\/v2\/media\/69938"}],"wp:attachment":[{"href":"https:\/\/www.locoxelrojo.com\/independiente\/wp-json\/wp\/v2\/media?parent=69934"}],"wp:term":[{"taxonomy":"category","embeddable":true,"href":"https:\/\/www.locoxelrojo.com\/independiente\/wp-json\/wp\/v2\/categories?post=69934"},{"taxonomy":"post_tag","embeddable":true,"href":"https:\/\/www.locoxelrojo.com\/independiente\/wp-json\/wp\/v2\/tags?post=69934"}],"curies":[{"name":"wp","href":"https:\/\/api.w.org\/{rel}","templated":true}]}}