{"id":69949,"date":"2017-04-27T22:55:23","date_gmt":"2017-04-28T01:55:23","guid":{"rendered":"http:\/\/www.locoxelrojo.com\/independiente\/?p=69949"},"modified":"2017-04-28T00:04:45","modified_gmt":"2017-04-28T03:04:45","slug":"beron-queriamos-fernandez-juegue-45-minutos-desde-afa-no-nos-dejaron","status":"publish","type":"post","link":"https:\/\/www.locoxelrojo.com\/independiente\/2017\/04\/27\/beron-queriamos-fernandez-juegue-45-minutos-desde-afa-no-nos-dejaron\/","title":{"rendered":"Ber\u00f3n: \u201cQuer\u00edamos que Fern\u00e1ndez juegue 45 minutos, pero desde AFA no nos dejaron&#8221;"},"content":{"rendered":"<p><strong>Fernando Ber\u00f3n<\/strong> confirm\u00f3 que finalmente <strong>Leandro Fern\u00e1ndez<\/strong> no jugar\u00e1 en la Reserva como estaba previsto ya que no fue habilitado desde AFA.<strong> \u201cLa idea era que juegue 45 minutos\u201d<\/strong>, lament\u00f3. Adem\u00e1s, se mostr\u00f3 muy conforme con todos los juveniles que hoy integran el plantel de Primera.<\/p>\n<p><strong>\u201cNosotros ten\u00edamos la informaci\u00f3n que pod\u00eda jugar. Entren\u00f3 con nosotros y todo. Quer\u00edamos que Fern\u00e1ndez juegue 45 minutos, pero despu\u00e9s lleg\u00f3 la orden desde AFA y no nos dejaron\u201d<\/strong>, afirm\u00f3 el Director T\u00e9cnico de la Reserva en di\u00e1logo con <em>Orgullo Rojo Radio<\/em>.<strong> \u201cYo pensaba ponerlo de titular y luego del primer tiempo lo iba a cambiar. Hicimos lo mismo con el Torito (Diego Rodr\u00edguez) y Lucas (Albertengo). Lo \u00edbamos a poner en su posici\u00f3n habitual, para que vaya agarrando ritmo y luego llev\u00e1ndolo de a poco\u201d<\/strong>, agreg\u00f3.<\/p>\n<p>Por otro lado, se refiri\u00f3 a la convocatoria de Ezequiel Barco a la Selecci\u00f3n Sub 20 de Claudio \u00dabeda: <strong>&#8220;S\u00e9 que Ezequiel va a ir a la gira con el seleccionado pero no mucho m\u00e1s de lo que saben todos. Es un jugador muy importante para la estructura de Primera, pero tambi\u00e9n es la Selecci\u00f3n Argentina. Si me preguntas a m\u00ed, todos deber\u00edan jugar en la Selecci\u00f3n pero eso deber\u00e1 decidirlo tambi\u00e9n el jugador. Muchas veces la decisi\u00f3n es personal, ya que ellos deciden qu\u00e9 es su prioridad. No creo que influya el cuerpo t\u00e9cnico si \u00e9l no quiere&#8221;.<\/strong><\/p>\n<p>Para concluir, no ocult\u00f3 su felicidad por el gran rendimiento de los chicos de las Inferiores que hoy en d\u00eda son titulares. <strong>\u201cNos da una gran satisfacci\u00f3n que esta camada de chicos est\u00e9 a la altura. El m\u00e9rito es del director t\u00e9cnico de Primera, que es quien se las juega y los pone\u201d<\/strong>, cerr\u00f3.<\/p>\n","protected":false},"excerpt":{"rendered":"<p>Fernando Ber\u00f3n confirm\u00f3 que finalmente Leandro Fern\u00e1ndez no jugar\u00e1 en la Reserva como estaba previsto ya que no fue habilitado desde AFA. \u201cLa idea era que juegue 45 minutos\u201d, lament\u00f3. Adem\u00e1s, se mostr\u00f3 muy conforme con todos los juveniles que hoy integran el plantel de Primera. \u201cNosotros ten\u00edamos la informaci\u00f3n que pod\u00eda jugar. Entren\u00f3 con [&hellip;]<\/p>\n","protected":false},"author":16,"featured_media":69162,"comment_status":"open","ping_status":"closed","sticky":false,"template":"","format":"standard","meta":{"_links_to":"","_links_to_target":""},"categories":[3280,3247],"tags":[2862,2921,231],"_links":{"self":[{"href":"https:\/\/www.locoxelrojo.com\/independiente\/wp-json\/wp\/v2\/posts\/69949"}],"collection":[{"href":"https:\/\/www.locoxelrojo.com\/independiente\/wp-json\/wp\/v2\/posts"}],"about":[{"href":"https:\/\/www.locoxelrojo.com\/independiente\/wp-json\/wp\/v2\/types\/post"}],"author":[{"embeddable":true,"href":"https:\/\/www.locoxelrojo.com\/independiente\/wp-json\/wp\/v2\/users\/16"}],"replies":[{"embeddable":true,"href":"https:\/\/www.locoxelrojo.com\/independiente\/wp-json\/wp\/v2\/comments?post=69949"}],"version-history":[{"count":0,"href":"https:\/\/www.locoxelrojo.com\/independiente\/wp-json\/wp\/v2\/posts\/69949\/revisions"}],"wp:featuredmedia":[{"embeddable":true,"href":"https:\/\/www.locoxelrojo.com\/independiente\/wp-json\/wp\/v2\/media\/69162"}],"wp:attachment":[{"href":"https:\/\/www.locoxelrojo.com\/independiente\/wp-json\/wp\/v2\/media?parent=69949"}],"wp:term":[{"taxonomy":"category","embeddable":true,"href":"https:\/\/www.locoxelrojo.com\/independiente\/wp-json\/wp\/v2\/categories?post=69949"},{"taxonomy":"post_tag","embeddable":true,"href":"https:\/\/www.locoxelrojo.com\/independiente\/wp-json\/wp\/v2\/tags?post=69949"}],"curies":[{"name":"wp","href":"https:\/\/api.w.org\/{rel}","templated":true}]}}