{"id":69975,"date":"2017-04-29T14:09:58","date_gmt":"2017-04-29T17:09:58","guid":{"rendered":"http:\/\/www.locoxelrojo.com\/independiente\/?p=69975"},"modified":"2017-04-29T20:17:40","modified_gmt":"2017-04-29T23:17:40","slug":"montana-estallo-bronca-balino","status":"publish","type":"post","link":"https:\/\/www.locoxelrojo.com\/independiente\/2017\/04\/29\/montana-estallo-bronca-balino\/","title":{"rendered":"Monta\u00f1a estall\u00f3 de bronca contra Bali\u00f1o"},"content":{"rendered":"<p><strong>El arbitraje de Jorge Bali\u00f1o en el empate de anoche ante Estudiantes dej\u00f3 mucha tela para cortar<\/strong>. El juez se equivoc\u00f3 en fallos decisivos que influyeron directamente en el desarrollo del juego.<\/p>\n<p>Es por eso que <strong>Carlos Monta\u00f1a<\/strong>, vicepresidente segundo de Independiente, <strong>se manifest\u00f3 a trav\u00e9s de las redes sociales<\/strong> con respecto a este tema y responsabiliz\u00f3 al \u00e1rbitro por el resultado final del encuentro.<\/p>\n<blockquote class=\"twitter-tweet\" data-lang=\"es\">\n<p dir=\"ltr\" lang=\"es\">Genera mucho enojo que el trabajo y el esfuerzo de la semana hecho por jugadores y CT se vea empa\u00f1ado por errores groseros ajenos al juego.<\/p>\n<p>\u2014 Carlos Monta\u00f1a (@elgrancai) <a href=\"https:\/\/twitter.com\/elgrancai\/status\/858364527607414786\">29 de abril de 2017<\/a><\/p><\/blockquote>\n<p><script async src=\"\/\/platform.twitter.com\/widgets.js\" charset=\"utf-8\"><\/script><\/p>\n<p><strong>&#8220;Genera mucho enojo que el trabajo y el esfuerzo de la semana hecho por jugadores y CT se vea empa\u00f1ado por errores groseros ajenos al juego&#8221;<\/strong>, escribi\u00f3 muy enojado en su Twitter.<\/p>\n<p><iframe loading=\"lazy\" src=\"https:\/\/www.facebook.com\/plugins\/post.php?href=https%3A%2F%2Fwww.facebook.com%2FLocoXelRojoWeb%2Fposts%2F1497010803683552%3A0&#038;width=500\" width=\"500\" height=\"609\" style=\"border:none;overflow:hidden\" scrolling=\"no\" frameborder=\"0\" allowTransparency=\"true\"><\/iframe><\/p>\n","protected":false},"excerpt":{"rendered":"<p>El arbitraje de Jorge Bali\u00f1o en el empate de anoche ante Estudiantes dej\u00f3 mucha tela para cortar. El juez se equivoc\u00f3 en fallos decisivos que influyeron directamente en el desarrollo del juego. Es por eso que Carlos Monta\u00f1a, vicepresidente segundo de Independiente, se manifest\u00f3 a trav\u00e9s de las redes sociales con respecto a este tema [&hellip;]<\/p>\n","protected":false},"author":19,"featured_media":69976,"comment_status":"open","ping_status":"closed","sticky":false,"template":"","format":"standard","meta":{"_links_to":"","_links_to_target":""},"categories":[3247,3363],"tags":[2654,159],"_links":{"self":[{"href":"https:\/\/www.locoxelrojo.com\/independiente\/wp-json\/wp\/v2\/posts\/69975"}],"collection":[{"href":"https:\/\/www.locoxelrojo.com\/independiente\/wp-json\/wp\/v2\/posts"}],"about":[{"href":"https:\/\/www.locoxelrojo.com\/independiente\/wp-json\/wp\/v2\/types\/post"}],"author":[{"embeddable":true,"href":"https:\/\/www.locoxelrojo.com\/independiente\/wp-json\/wp\/v2\/users\/19"}],"replies":[{"embeddable":true,"href":"https:\/\/www.locoxelrojo.com\/independiente\/wp-json\/wp\/v2\/comments?post=69975"}],"version-history":[{"count":0,"href":"https:\/\/www.locoxelrojo.com\/independiente\/wp-json\/wp\/v2\/posts\/69975\/revisions"}],"wp:featuredmedia":[{"embeddable":true,"href":"https:\/\/www.locoxelrojo.com\/independiente\/wp-json\/wp\/v2\/media\/69976"}],"wp:attachment":[{"href":"https:\/\/www.locoxelrojo.com\/independiente\/wp-json\/wp\/v2\/media?parent=69975"}],"wp:term":[{"taxonomy":"category","embeddable":true,"href":"https:\/\/www.locoxelrojo.com\/independiente\/wp-json\/wp\/v2\/categories?post=69975"},{"taxonomy":"post_tag","embeddable":true,"href":"https:\/\/www.locoxelrojo.com\/independiente\/wp-json\/wp\/v2\/tags?post=69975"}],"curies":[{"name":"wp","href":"https:\/\/api.w.org\/{rel}","templated":true}]}}