{"id":700,"date":"2010-09-07T15:07:02","date_gmt":"2010-09-07T18:07:02","guid":{"rendered":"http:\/\/www.locoxelrojo.com.ar\/independiente\/?p=700"},"modified":"2015-09-08T23:39:33","modified_gmt":"2015-09-09T02:39:33","slug":"vuelve-battion","status":"publish","type":"post","link":"https:\/\/www.locoxelrojo.com\/independiente\/2010\/09\/07\/vuelve-battion\/","title":{"rendered":"Vuelve Batti\u00f3n"},"content":{"rendered":"<p><a href=\"http:\/\/www.locoxelrojo.com.ar\/independiente\/wp-content\/uploads\/2010\/09\/Batti\u00f3n.jpg\"><img loading=\"lazy\" class=\"alignnone size-full wp-image-701\" title=\"Batti\u00f3n\" src=\"http:\/\/www.locoxelrojo.com.ar\/independiente\/wp-content\/uploads\/2010\/09\/Batti\u00f3n.jpg\" alt=\"\" width=\"550\" height=\"315\" srcset=\"https:\/\/locoxelrojo.com\/independiente\/wp-content\/uploads\/2010\/09\/Batti\u00f3n.jpg 550w, https:\/\/locoxelrojo.com\/independiente\/wp-content\/uploads\/2010\/09\/Batti\u00f3n-300x171.jpg 300w\" sizes=\"(max-width: 550px) 100vw, 550px\" \/><\/a><\/p>\n<p>Garnero dispuso una pr\u00e1ctica en donde se hizo f\u00fatbol 11 vs 11 en la previa al choque de vuelta correspondiente a la 2da fase de la\u00a0 Copa Sudamericana frente a Argentinos Juniors<\/p>\n<p>Si bien el equipo a\u00fan no se conform\u00f3, se dio la lista de concentrados y el cambio llamativo es el de la salida de Fabi\u00e1n Assman por la vuelta de Roberto Batti\u00f3n. Llama poderosamente la atenci\u00f3n teniendo en cuenta que Gabbarini ayer dijo a LocoxelRojoWeb que por las dolencias que ten\u00eda cre\u00eda no iba a llegar al encuentro del jueves.<\/p>\n<p>Los concentrados entonces son:<\/p>\n<p><strong>Arqueros:<\/strong> Adri\u00e1n Gabbarini e Hilario Navarro.<\/p>\n<p><strong>Defensores:<\/strong> Eduardo Tuzzio, Gabriel Vall\u00e9s, Juli\u00e1n Vel\u00e1zquez, Maximiliano Vel\u00e1zquez y Leonel Galeano.<\/p>\n<p><strong>Volantes:<\/strong> Fernando Godoy, Lucas Mareque, Cristian Pellerano, Nicol\u00e1s Cabrera, Hern\u00e1n Fredes, Nicol\u00e1s Mart\u00ednez, Leandro Graci\u00e1n, Federico Mancuello y Roberto Batti\u00f3n.<\/p>\n<p><strong>Delanteros:<\/strong> Facundo Parra, Andr\u00e9s Silvera, Germ\u00e1n Pacheco y Patricio Rodr\u00edguez.<\/p>\n<p>La \u00faltima pr\u00e1ctica previa al encuentro en la Paternal ser\u00e1 ma\u00f1ana a las 4 de la tarde en el Libertadores de Am\u00e9rica a puertas cerradas y con atenci\u00f3n a la prensa una vez finalizada la misma.<\/p>\n","protected":false},"excerpt":{"rendered":"<p>Garnero dispuso una pr\u00e1ctica en donde se hizo f\u00fatbol 11 vs 11 en la previa al choque de vuelta correspondiente a la 2da fase de la\u00a0 Copa Sudamericana frente a Argentinos Juniors Si bien el equipo a\u00fan no se conform\u00f3, se dio la lista de concentrados y el cambio llamativo es el de la salida [&hellip;]<\/p>\n","protected":false},"author":1,"featured_media":0,"comment_status":"open","ping_status":"open","sticky":false,"template":"","format":"standard","meta":{"_links_to":"","_links_to_target":""},"categories":[7,3,1],"tags":[347,78,31],"_links":{"self":[{"href":"https:\/\/www.locoxelrojo.com\/independiente\/wp-json\/wp\/v2\/posts\/700"}],"collection":[{"href":"https:\/\/www.locoxelrojo.com\/independiente\/wp-json\/wp\/v2\/posts"}],"about":[{"href":"https:\/\/www.locoxelrojo.com\/independiente\/wp-json\/wp\/v2\/types\/post"}],"author":[{"embeddable":true,"href":"https:\/\/www.locoxelrojo.com\/independiente\/wp-json\/wp\/v2\/users\/1"}],"replies":[{"embeddable":true,"href":"https:\/\/www.locoxelrojo.com\/independiente\/wp-json\/wp\/v2\/comments?post=700"}],"version-history":[{"count":0,"href":"https:\/\/www.locoxelrojo.com\/independiente\/wp-json\/wp\/v2\/posts\/700\/revisions"}],"wp:attachment":[{"href":"https:\/\/www.locoxelrojo.com\/independiente\/wp-json\/wp\/v2\/media?parent=700"}],"wp:term":[{"taxonomy":"category","embeddable":true,"href":"https:\/\/www.locoxelrojo.com\/independiente\/wp-json\/wp\/v2\/categories?post=700"},{"taxonomy":"post_tag","embeddable":true,"href":"https:\/\/www.locoxelrojo.com\/independiente\/wp-json\/wp\/v2\/tags?post=700"}],"curies":[{"name":"wp","href":"https:\/\/api.w.org\/{rel}","templated":true}]}}