{"id":70048,"date":"2017-05-04T16:30:16","date_gmt":"2017-05-04T19:30:16","guid":{"rendered":"http:\/\/www.locoxelrojo.com\/independiente\/?p=70048"},"modified":"2017-05-04T16:30:16","modified_gmt":"2017-05-04T19:30:16","slug":"sin-definicion-2","status":"publish","type":"post","link":"https:\/\/www.locoxelrojo.com\/independiente\/2017\/05\/04\/sin-definicion-2\/","title":{"rendered":"Sin definici\u00f3n"},"content":{"rendered":"<p><strong>El plantel de Independiente se entren\u00f3 este jueves por la ma\u00f1ana en el predio de Villa Dom\u00ednico y los futbolistas realizaron trabajos t\u00e1cticos.<\/strong> Por ahora, Holan no dio pistas sobre el posible equipo para visitar a Newell&#8217;s.<\/p>\n<p>Como es habitual, los primeros trabajos del plantel fueron en el gimnasio y despu\u00e9s saltaron al campo de juego para realizar movimientos f\u00edsicos. <strong>M\u00e1s tarde,<\/strong> <strong>el cuerpo t\u00e9cnico dispuso de trabajos con pelota en espacios reducidos para probar variantes t\u00e1cticas de cara al choque del pr\u00f3ximo domingo en Rosario.<\/strong><\/p>\n<blockquote class=\"twitter-video\" data-lang=\"es\">\n<p dir=\"ltr\" lang=\"es\"><a href=\"https:\/\/twitter.com\/hashtag\/FutbolCAI?src=hash\">#FutbolCAI<\/a> &#8211; \u00a1Mir\u00e1 la definici\u00f3n de tiro libre de Emiliano Rigoni en la pr\u00e1ctica matutina en <a href=\"https:\/\/twitter.com\/hashtag\/VillaDominico?src=hash\">#VillaDominico<\/a>! <a href=\"https:\/\/t.co\/f4T7I7kHSz\">pic.twitter.com\/f4T7I7kHSz<\/a><\/p>\n<p>\u2014 C. A. Independiente (@Independiente) <a href=\"https:\/\/twitter.com\/Independiente\/status\/860179172559290368\">4 de mayo de 2017<\/a><\/p><\/blockquote>\n<p><script async src=\"\/\/platform.twitter.com\/widgets.js\" charset=\"utf-8\"><\/script><\/p>\n<p><strong>Lo cierto es que el t\u00e9cnico de Independiente a\u00fan no defini\u00f3 si repetir\u00e1 los mismos once que vienen de empatar ante Estudiantes o si realizar\u00e1 alg\u00fan cambio para jugar ante la Lepra.<\/strong> Cabe recordar que tanto <strong>Walter Erviti<\/strong> como <strong>Diego Rodr\u00edguez<\/strong> tienen cuatro amarillas y en caso de ser amonestados se perder\u00e1n el cl\u00e1sico de Avellaneda.<\/p>\n<p><em><span style=\"color: #999999;\">Foto: Club Atl\u00e9tico Independiente<\/span><\/em><\/p>\n","protected":false},"excerpt":{"rendered":"<p>El plantel de Independiente se entren\u00f3 este jueves por la ma\u00f1ana en el predio de Villa Dom\u00ednico y los futbolistas realizaron trabajos t\u00e1cticos. Por ahora, Holan no dio pistas sobre el posible equipo para visitar a Newell&#8217;s. Como es habitual, los primeros trabajos del plantel fueron en el gimnasio y despu\u00e9s saltaron al campo de [&hellip;]<\/p>\n","protected":false},"author":14,"featured_media":70050,"comment_status":"open","ping_status":"closed","sticky":false,"template":"","format":"standard","meta":{"_links_to":"","_links_to_target":""},"categories":[3247,3],"tags":[26,172],"_links":{"self":[{"href":"https:\/\/www.locoxelrojo.com\/independiente\/wp-json\/wp\/v2\/posts\/70048"}],"collection":[{"href":"https:\/\/www.locoxelrojo.com\/independiente\/wp-json\/wp\/v2\/posts"}],"about":[{"href":"https:\/\/www.locoxelrojo.com\/independiente\/wp-json\/wp\/v2\/types\/post"}],"author":[{"embeddable":true,"href":"https:\/\/www.locoxelrojo.com\/independiente\/wp-json\/wp\/v2\/users\/14"}],"replies":[{"embeddable":true,"href":"https:\/\/www.locoxelrojo.com\/independiente\/wp-json\/wp\/v2\/comments?post=70048"}],"version-history":[{"count":0,"href":"https:\/\/www.locoxelrojo.com\/independiente\/wp-json\/wp\/v2\/posts\/70048\/revisions"}],"wp:featuredmedia":[{"embeddable":true,"href":"https:\/\/www.locoxelrojo.com\/independiente\/wp-json\/wp\/v2\/media\/70050"}],"wp:attachment":[{"href":"https:\/\/www.locoxelrojo.com\/independiente\/wp-json\/wp\/v2\/media?parent=70048"}],"wp:term":[{"taxonomy":"category","embeddable":true,"href":"https:\/\/www.locoxelrojo.com\/independiente\/wp-json\/wp\/v2\/categories?post=70048"},{"taxonomy":"post_tag","embeddable":true,"href":"https:\/\/www.locoxelrojo.com\/independiente\/wp-json\/wp\/v2\/tags?post=70048"}],"curies":[{"name":"wp","href":"https:\/\/api.w.org\/{rel}","templated":true}]}}