{"id":70169,"date":"2017-05-10T07:00:06","date_gmt":"2017-05-10T10:00:06","guid":{"rendered":"http:\/\/www.locoxelrojo.com\/independiente\/?p=70169"},"modified":"2017-05-10T09:25:03","modified_gmt":"2017-05-10T12:25:03","slug":"tagliafico-se-va-notar-la-ausencia-erviti","status":"publish","type":"post","link":"https:\/\/www.locoxelrojo.com\/independiente\/2017\/05\/10\/tagliafico-se-va-notar-la-ausencia-erviti\/","title":{"rendered":"Tagliafico: \u201cSe va a notar la ausencia de Erviti\u201d"},"content":{"rendered":"<p><strong>Nicol\u00e1s Tagliafico<\/strong> comprendi\u00f3 que Independiente sentir\u00e1 la falta de su n\u00famero &#8220;10&#8221;. Adem\u00e1s, destac\u00f3 los delanteros de Racing, pero no se mostr\u00f3 demasiado preocupado por ellos. <strong>&#8220;Los conocemos bien&#8221;<\/strong>, advirti\u00f3.<\/p>\n<p><strong>&#8220;Vamos a aprovechar nuestras virtudes. Tenemos jugadores muy r\u00e1pidos arriba y yo creo que ah\u00ed va a estar la clave\u201d<\/strong>, opin\u00f3 el capit\u00e1n para Sportia, por TyCSports. <strong>&#8220;Racing es un equipo muy s\u00f3lido. Siempre hay que tener mucho cuidado con sus delanteros. Hay que estar preparado para lo que viene. Los conocemos bien&#8221;<\/strong>, desliz\u00f3 m\u00e1s tarde.<\/p>\n<p>En la misma l\u00ednea asegur\u00f3 que no hay lugar para descuidos ni errores. <strong>&#8220;Muy pocas veces me toc\u00f3 marcar a Bou. Pero en un amistoso de verano me toc\u00f3 enfrentarlo y empatamos 0-0. Son delanteros picantes porque hay que tenerlos muy cerca. En una jugada te pueden marcar&#8221;<\/strong>, asegur\u00f3.<\/p>\n<p>Por \u00faltimo, se refiri\u00f3 a los jugadores de ambos equipos que se perder\u00e1n el cl\u00e1sico. <strong>&#8220;Se va a notar la ausencia de Walter Erviti y Racing tiene la ausencia importante de Marcos Acu\u00f1a. Va a ser muy parejo porque los dos peleamos por algo. Ojal\u00e1 nos salga bien y sea un buen partido&#8221;<\/strong>, cerr\u00f3.<\/p>\n","protected":false},"excerpt":{"rendered":"<p>Nicol\u00e1s Tagliafico comprendi\u00f3 que Independiente sentir\u00e1 la falta de su n\u00famero &#8220;10&#8221;. Adem\u00e1s, destac\u00f3 los delanteros de Racing, pero no se mostr\u00f3 demasiado preocupado por ellos. &#8220;Los conocemos bien&#8221;, advirti\u00f3. &#8220;Vamos a aprovechar nuestras virtudes. Tenemos jugadores muy r\u00e1pidos arriba y yo creo que ah\u00ed va a estar la clave\u201d, opin\u00f3 el capit\u00e1n para Sportia, [&hellip;]<\/p>\n","protected":false},"author":16,"featured_media":70170,"comment_status":"open","ping_status":"closed","sticky":false,"template":"","format":"standard","meta":{"_links_to":"","_links_to_target":""},"categories":[3247,3],"tags":[134,1600],"_links":{"self":[{"href":"https:\/\/www.locoxelrojo.com\/independiente\/wp-json\/wp\/v2\/posts\/70169"}],"collection":[{"href":"https:\/\/www.locoxelrojo.com\/independiente\/wp-json\/wp\/v2\/posts"}],"about":[{"href":"https:\/\/www.locoxelrojo.com\/independiente\/wp-json\/wp\/v2\/types\/post"}],"author":[{"embeddable":true,"href":"https:\/\/www.locoxelrojo.com\/independiente\/wp-json\/wp\/v2\/users\/16"}],"replies":[{"embeddable":true,"href":"https:\/\/www.locoxelrojo.com\/independiente\/wp-json\/wp\/v2\/comments?post=70169"}],"version-history":[{"count":0,"href":"https:\/\/www.locoxelrojo.com\/independiente\/wp-json\/wp\/v2\/posts\/70169\/revisions"}],"wp:featuredmedia":[{"embeddable":true,"href":"https:\/\/www.locoxelrojo.com\/independiente\/wp-json\/wp\/v2\/media\/70170"}],"wp:attachment":[{"href":"https:\/\/www.locoxelrojo.com\/independiente\/wp-json\/wp\/v2\/media?parent=70169"}],"wp:term":[{"taxonomy":"category","embeddable":true,"href":"https:\/\/www.locoxelrojo.com\/independiente\/wp-json\/wp\/v2\/categories?post=70169"},{"taxonomy":"post_tag","embeddable":true,"href":"https:\/\/www.locoxelrojo.com\/independiente\/wp-json\/wp\/v2\/tags?post=70169"}],"curies":[{"name":"wp","href":"https:\/\/api.w.org\/{rel}","templated":true}]}}