{"id":70183,"date":"2017-05-11T12:00:58","date_gmt":"2017-05-11T15:00:58","guid":{"rendered":"http:\/\/www.locoxelrojo.com\/independiente\/?p=70183"},"modified":"2017-05-11T13:08:16","modified_gmt":"2017-05-11T16:08:16","slug":"marcone-tambien-estara-clasico","status":"publish","type":"post","link":"https:\/\/www.locoxelrojo.com\/independiente\/2017\/05\/11\/marcone-tambien-estara-clasico\/","title":{"rendered":"Marcone tambi\u00e9n estar\u00e1 en el Cl\u00e1sico"},"content":{"rendered":"<p><strong>Iv\u00e1n Marcone<\/strong>, el jugador de Lan\u00fas que el s\u00e1bado ser\u00e1 titular ante Banfield,\u00a0<strong>comparti\u00f3 en las redes una foto del bono que sac\u00f3 para el\u00a0Cl\u00e1sico de Avellaneda<\/strong>.<\/p>\n<p><strong>Es de p\u00fablico conocimiento el\u00a0fanatismo que tiene el volante del Grana por Independiente<\/strong>. De hecho se lo ha visto en m\u00e1s de una ocasi\u00f3n en la cancha y ha declarado m\u00e1s de una vez que sue\u00f1a con jugar en el Rojo.<\/p>\n<p>Y en esta ocasi\u00f3n volvi\u00f3 a\u00a0demostrar su simpat\u00eda por el club de sus amores. <strong>El mediocampista de 26 a\u00f1os<\/strong>, que\u00a0fue citado para la Selecci\u00f3n argentina en la \u00faltima convocatoria, <strong>subi\u00f3 el bono con sus datos y confirm\u00f3 asistencia<\/strong>.<\/p>\n<p><a href=\"https:\/\/www.locoxelrojo.com\/independiente\/wp-content\/uploads\/2017\/05\/Entrada-Marcone.jpg\"><img loading=\"lazy\" class=\"alignnone size-full wp-image-70184\" src=\"https:\/\/www.locoxelrojo.com\/independiente\/wp-content\/uploads\/2017\/05\/Entrada-Marcone.jpg\" alt=\"Entrada-Marcone\" width=\"741\" height=\"486\" srcset=\"https:\/\/locoxelrojo.com\/independiente\/wp-content\/uploads\/2017\/05\/Entrada-Marcone.jpg 741w, https:\/\/locoxelrojo.com\/independiente\/wp-content\/uploads\/2017\/05\/Entrada-Marcone-300x197.jpg 300w, https:\/\/locoxelrojo.com\/independiente\/wp-content\/uploads\/2017\/05\/Entrada-Marcone-696x456.jpg 696w, https:\/\/locoxelrojo.com\/independiente\/wp-content\/uploads\/2017\/05\/Entrada-Marcone-640x420.jpg 640w\" sizes=\"(max-width: 741px) 100vw, 741px\" \/><\/a><\/p>\n","protected":false},"excerpt":{"rendered":"<p>Iv\u00e1n Marcone, el jugador de Lan\u00fas que el s\u00e1bado ser\u00e1 titular ante Banfield,\u00a0comparti\u00f3 en las redes una foto del bono que sac\u00f3 para el\u00a0Cl\u00e1sico de Avellaneda. Es de p\u00fablico conocimiento el\u00a0fanatismo que tiene el volante del Grana por Independiente. De hecho se lo ha visto en m\u00e1s de una ocasi\u00f3n en la cancha y ha [&hellip;]<\/p>\n","protected":false},"author":19,"featured_media":70185,"comment_status":"open","ping_status":"closed","sticky":false,"template":"","format":"standard","meta":{"_links_to":"","_links_to_target":""},"categories":[3247,3363],"tags":[134,2729],"_links":{"self":[{"href":"https:\/\/www.locoxelrojo.com\/independiente\/wp-json\/wp\/v2\/posts\/70183"}],"collection":[{"href":"https:\/\/www.locoxelrojo.com\/independiente\/wp-json\/wp\/v2\/posts"}],"about":[{"href":"https:\/\/www.locoxelrojo.com\/independiente\/wp-json\/wp\/v2\/types\/post"}],"author":[{"embeddable":true,"href":"https:\/\/www.locoxelrojo.com\/independiente\/wp-json\/wp\/v2\/users\/19"}],"replies":[{"embeddable":true,"href":"https:\/\/www.locoxelrojo.com\/independiente\/wp-json\/wp\/v2\/comments?post=70183"}],"version-history":[{"count":0,"href":"https:\/\/www.locoxelrojo.com\/independiente\/wp-json\/wp\/v2\/posts\/70183\/revisions"}],"wp:featuredmedia":[{"embeddable":true,"href":"https:\/\/www.locoxelrojo.com\/independiente\/wp-json\/wp\/v2\/media\/70185"}],"wp:attachment":[{"href":"https:\/\/www.locoxelrojo.com\/independiente\/wp-json\/wp\/v2\/media?parent=70183"}],"wp:term":[{"taxonomy":"category","embeddable":true,"href":"https:\/\/www.locoxelrojo.com\/independiente\/wp-json\/wp\/v2\/categories?post=70183"},{"taxonomy":"post_tag","embeddable":true,"href":"https:\/\/www.locoxelrojo.com\/independiente\/wp-json\/wp\/v2\/tags?post=70183"}],"curies":[{"name":"wp","href":"https:\/\/api.w.org\/{rel}","templated":true}]}}