{"id":70411,"date":"2017-05-21T21:20:04","date_gmt":"2017-05-22T00:20:04","guid":{"rendered":"http:\/\/www.locoxelrojo.com\/independiente\/?p=70411"},"modified":"2017-05-21T21:56:44","modified_gmt":"2017-05-22T00:56:44","slug":"conta-con-campana","status":"publish","type":"post","link":"https:\/\/www.locoxelrojo.com\/independiente\/2017\/05\/21\/conta-con-campana\/","title":{"rendered":"Cont\u00e1 con Campa\u00f1a"},"content":{"rendered":"<p><strong>Mart\u00edn Campa\u00f1a no fue convocado para los amistosos de la Selecci\u00f3n de Uruguay y podr\u00e1 estar ante Boca, Defensa y Justicia y Olimpo.<\/strong><\/p>\n<p>El t\u00e9cnico \u00d3scar Tab\u00e1rez confirm\u00f3 a los\u00a0jugadores citados para los <strong>partidos ante Irlanda e Italia del\u00a04 y 7 de junio<\/strong>. En la n\u00f3mina preliminar\u00a0<strong>no figura el arquero de Independiente<\/strong>, quien era habitualmente convocado pero esta vez se qued\u00f3 afuera.<\/p>\n<p>Una gran noticia para\u00a0Ariel Holan, ya que de esta manera\u00a0<strong>podr\u00e1 contar con Campa\u00f1a\u00a0para\u00a0enfrentar al puntero en La Bombonera, al Halc\u00f3n en Florencio Varela y al Aurinegro en el Libertadores de Am\u00e9rica<\/strong>.<\/p>\n","protected":false},"excerpt":{"rendered":"<p>Mart\u00edn Campa\u00f1a no fue convocado para los amistosos de la Selecci\u00f3n de Uruguay y podr\u00e1 estar ante Boca, Defensa y Justicia y Olimpo. El t\u00e9cnico \u00d3scar Tab\u00e1rez confirm\u00f3 a los\u00a0jugadores citados para los partidos ante Irlanda e Italia del\u00a04 y 7 de junio. En la n\u00f3mina preliminar\u00a0no figura el arquero de Independiente, quien era habitualmente [&hellip;]<\/p>\n","protected":false},"author":8,"featured_media":70325,"comment_status":"open","ping_status":"closed","sticky":false,"template":"","format":"standard","meta":{"_links_to":"","_links_to_target":""},"categories":[3247,3],"tags":[3126,929],"_links":{"self":[{"href":"https:\/\/www.locoxelrojo.com\/independiente\/wp-json\/wp\/v2\/posts\/70411"}],"collection":[{"href":"https:\/\/www.locoxelrojo.com\/independiente\/wp-json\/wp\/v2\/posts"}],"about":[{"href":"https:\/\/www.locoxelrojo.com\/independiente\/wp-json\/wp\/v2\/types\/post"}],"author":[{"embeddable":true,"href":"https:\/\/www.locoxelrojo.com\/independiente\/wp-json\/wp\/v2\/users\/8"}],"replies":[{"embeddable":true,"href":"https:\/\/www.locoxelrojo.com\/independiente\/wp-json\/wp\/v2\/comments?post=70411"}],"version-history":[{"count":0,"href":"https:\/\/www.locoxelrojo.com\/independiente\/wp-json\/wp\/v2\/posts\/70411\/revisions"}],"wp:featuredmedia":[{"embeddable":true,"href":"https:\/\/www.locoxelrojo.com\/independiente\/wp-json\/wp\/v2\/media\/70325"}],"wp:attachment":[{"href":"https:\/\/www.locoxelrojo.com\/independiente\/wp-json\/wp\/v2\/media?parent=70411"}],"wp:term":[{"taxonomy":"category","embeddable":true,"href":"https:\/\/www.locoxelrojo.com\/independiente\/wp-json\/wp\/v2\/categories?post=70411"},{"taxonomy":"post_tag","embeddable":true,"href":"https:\/\/www.locoxelrojo.com\/independiente\/wp-json\/wp\/v2\/tags?post=70411"}],"curies":[{"name":"wp","href":"https:\/\/api.w.org\/{rel}","templated":true}]}}