{"id":70443,"date":"2017-05-23T14:55:28","date_gmt":"2017-05-23T17:55:28","guid":{"rendered":"http:\/\/www.locoxelrojo.com\/independiente\/?p=70443"},"modified":"2017-05-23T15:56:16","modified_gmt":"2017-05-23T18:56:16","slug":"cruel-motivo-barco-no-habria-ido-al-sub-20","status":"publish","type":"post","link":"https:\/\/www.locoxelrojo.com\/independiente\/2017\/05\/23\/cruel-motivo-barco-no-habria-ido-al-sub-20\/","title":{"rendered":"El cruel motivo por el cual Barco no habr\u00eda ido al Sub 20"},"content":{"rendered":"<p>Muchas hip\u00f3tesis se dijeron luego de que Independiente decidiera no ceder a Ezequiel Barco al Mundial Sub 20. Lo cierto es que <strong>en Fox Sports\u00a0se\u00a0revel\u00f3 un posible rumor que, de ser cierto, es muy preocupante<\/strong>.<\/p>\n<p><strong>&#8220;A Barco le hicieron bullyng tres o cuatro jugadores&#8221;<\/strong>, revel\u00f3 Diego Fucks en 90 Minutos de F\u00fatbol. Y luego carg\u00f3 contra\u00a0Claudio \u00dabeda: <strong>&#8220;El t\u00e9cnico no dir\u00eda que particip\u00f3 pero se ri\u00f3 de alguna cosas que le dijeron a Barco&#8221;<\/strong>.<\/p>\n<p>Bajo ese clima hostil, <strong>el periodista se\u00f1al\u00f3 que Santiago Ascasibar, mediocampista de Estudiantes, fue el \u00fanico que defendi\u00f3 al juvenil de Independiente<\/strong>. Aparentemente ese fue el motivo por el cual Barco no fue al Mundial Sub 20 de Corea del Sur. \u00bfSer\u00e1 verdad?<\/p>\n<blockquote class=\"twitter-video\" data-lang=\"es\">\n<p dir=\"ltr\" lang=\"es\"><a href=\"https:\/\/twitter.com\/hashtag\/90MinutosFOX?src=hash\">#90MinutosFOX<\/a> | <a href=\"https:\/\/twitter.com\/ChavoFuchs\">@ChavoFuchs<\/a> cont\u00f3 la desagradable situaci\u00f3n que vivi\u00f3 Ezequiel Barco en el Sub 20. <a href=\"https:\/\/t.co\/m0DIRXbLJ9\">pic.twitter.com\/m0DIRXbLJ9<\/a><\/p>\n<p>\u2014 FOX Sports Argentina (@FOXSportsArg) <a href=\"https:\/\/twitter.com\/FOXSportsArg\/status\/867069863264526336\">23 de mayo de 2017<\/a><\/p><\/blockquote>\n<p><script async src=\"\/\/platform.twitter.com\/widgets.js\" charset=\"utf-8\"><\/script><\/p>\n","protected":false},"excerpt":{"rendered":"<p>Muchas hip\u00f3tesis se dijeron luego de que Independiente decidiera no ceder a Ezequiel Barco al Mundial Sub 20. Lo cierto es que en Fox Sports\u00a0se\u00a0revel\u00f3 un posible rumor que, de ser cierto, es muy preocupante. &#8220;A Barco le hicieron bullyng tres o cuatro jugadores&#8221;, revel\u00f3 Diego Fucks en 90 Minutos de F\u00fatbol. Y luego carg\u00f3 [&hellip;]<\/p>\n","protected":false},"author":19,"featured_media":68431,"comment_status":"open","ping_status":"closed","sticky":false,"template":"","format":"standard","meta":{"_links_to":"","_links_to_target":""},"categories":[3247,3281],"tags":[3471,1369,662,3215,350,226],"_links":{"self":[{"href":"https:\/\/www.locoxelrojo.com\/independiente\/wp-json\/wp\/v2\/posts\/70443"}],"collection":[{"href":"https:\/\/www.locoxelrojo.com\/independiente\/wp-json\/wp\/v2\/posts"}],"about":[{"href":"https:\/\/www.locoxelrojo.com\/independiente\/wp-json\/wp\/v2\/types\/post"}],"author":[{"embeddable":true,"href":"https:\/\/www.locoxelrojo.com\/independiente\/wp-json\/wp\/v2\/users\/19"}],"replies":[{"embeddable":true,"href":"https:\/\/www.locoxelrojo.com\/independiente\/wp-json\/wp\/v2\/comments?post=70443"}],"version-history":[{"count":0,"href":"https:\/\/www.locoxelrojo.com\/independiente\/wp-json\/wp\/v2\/posts\/70443\/revisions"}],"wp:featuredmedia":[{"embeddable":true,"href":"https:\/\/www.locoxelrojo.com\/independiente\/wp-json\/wp\/v2\/media\/68431"}],"wp:attachment":[{"href":"https:\/\/www.locoxelrojo.com\/independiente\/wp-json\/wp\/v2\/media?parent=70443"}],"wp:term":[{"taxonomy":"category","embeddable":true,"href":"https:\/\/www.locoxelrojo.com\/independiente\/wp-json\/wp\/v2\/categories?post=70443"},{"taxonomy":"post_tag","embeddable":true,"href":"https:\/\/www.locoxelrojo.com\/independiente\/wp-json\/wp\/v2\/tags?post=70443"}],"curies":[{"name":"wp","href":"https:\/\/api.w.org\/{rel}","templated":true}]}}