{"id":70447,"date":"2017-05-23T14:30:29","date_gmt":"2017-05-23T17:30:29","guid":{"rendered":"http:\/\/www.locoxelrojo.com\/independiente\/?p=70447"},"modified":"2017-05-23T17:38:08","modified_gmt":"2017-05-23T20:38:08","slug":"ruso-rodriguez-lo-he-dicho-claro-me-quiero-quedar-central","status":"publish","type":"post","link":"https:\/\/www.locoxelrojo.com\/independiente\/2017\/05\/23\/ruso-rodriguez-lo-he-dicho-claro-me-quiero-quedar-central\/","title":{"rendered":"Ruso Rodr\u00edguez: &#8220;Lo he dicho claro, me quiero quedar en Central&#8221;"},"content":{"rendered":"<p><strong>Diego Rodr\u00edguez<\/strong> afirm\u00f3 que quiere quedarse en Rosario Central despu\u00e9s de que finalice su pr\u00e9stamo en junio.<\/p>\n<p><strong>&#8220;Lo he dicho claro desde hace rato, yo me quiero quedar. Despu\u00e9s los que tienen que tomar la decisi\u00f3n y hacer uso de la opci\u00f3n son los dirigentes&#8221;<\/strong>, afirm\u00f3 el exarquero de Independiente en conferencia de prensa.<\/p>\n<p>El Ruso tiene contrato con el Rojo hasta diciembre de 2018 y su pr\u00e9stamo en el Canalla vence el 30 de junio pr\u00f3ximo. <strong>Si en Rosario desean retenerlo, deber\u00e1n desembolsar 500.000 d\u00f3lares por la mitad de su pase<\/strong>.<\/p>\n<p>&nbsp;<\/p>\n","protected":false},"excerpt":{"rendered":"<p>Diego Rodr\u00edguez afirm\u00f3 que quiere quedarse en Rosario Central despu\u00e9s de que finalice su pr\u00e9stamo en junio. &#8220;Lo he dicho claro desde hace rato, yo me quiero quedar. Despu\u00e9s los que tienen que tomar la decisi\u00f3n y hacer uso de la opci\u00f3n son los dirigentes&#8221;, afirm\u00f3 el exarquero de Independiente en conferencia de prensa. El [&hellip;]<\/p>\n","protected":false},"author":8,"featured_media":70450,"comment_status":"open","ping_status":"closed","sticky":false,"template":"","format":"standard","meta":{"_links_to":"","_links_to_target":""},"categories":[3280,3247],"tags":[181,507,3213],"_links":{"self":[{"href":"https:\/\/www.locoxelrojo.com\/independiente\/wp-json\/wp\/v2\/posts\/70447"}],"collection":[{"href":"https:\/\/www.locoxelrojo.com\/independiente\/wp-json\/wp\/v2\/posts"}],"about":[{"href":"https:\/\/www.locoxelrojo.com\/independiente\/wp-json\/wp\/v2\/types\/post"}],"author":[{"embeddable":true,"href":"https:\/\/www.locoxelrojo.com\/independiente\/wp-json\/wp\/v2\/users\/8"}],"replies":[{"embeddable":true,"href":"https:\/\/www.locoxelrojo.com\/independiente\/wp-json\/wp\/v2\/comments?post=70447"}],"version-history":[{"count":0,"href":"https:\/\/www.locoxelrojo.com\/independiente\/wp-json\/wp\/v2\/posts\/70447\/revisions"}],"wp:featuredmedia":[{"embeddable":true,"href":"https:\/\/www.locoxelrojo.com\/independiente\/wp-json\/wp\/v2\/media\/70450"}],"wp:attachment":[{"href":"https:\/\/www.locoxelrojo.com\/independiente\/wp-json\/wp\/v2\/media?parent=70447"}],"wp:term":[{"taxonomy":"category","embeddable":true,"href":"https:\/\/www.locoxelrojo.com\/independiente\/wp-json\/wp\/v2\/categories?post=70447"},{"taxonomy":"post_tag","embeddable":true,"href":"https:\/\/www.locoxelrojo.com\/independiente\/wp-json\/wp\/v2\/tags?post=70447"}],"curies":[{"name":"wp","href":"https:\/\/api.w.org\/{rel}","templated":true}]}}