{"id":70523,"date":"2017-05-28T16:00:20","date_gmt":"2017-05-28T19:00:20","guid":{"rendered":"http:\/\/www.locoxelrojo.com\/independiente\/?p=70523"},"modified":"2017-05-28T16:00:20","modified_gmt":"2017-05-28T19:00:20","slug":"concentrados-vs-alianza-lima-entra-fernandez","status":"publish","type":"post","link":"https:\/\/www.locoxelrojo.com\/independiente\/2017\/05\/28\/concentrados-vs-alianza-lima-entra-fernandez\/","title":{"rendered":"Concentrados vs. Alianza Lima: entra Fern\u00e1ndez"},"content":{"rendered":"<p><a href=\"https:\/\/www.locoxelrojo.com\/independiente\/2017\/05\/28\/volvieron-dos-lesionados\/\">Luego de la pr\u00e1ctica de esta ma\u00f1ana en Villa Dom\u00ednico<\/a>, Ariel Holan entreg\u00f3 la lista de\u00a0convocados que viajar\u00e1n a Per\u00fa para el encuentro de vuelta ante Alianza Lima. <strong>En total son 20 los jugadores por lo que dos de ellos quedar\u00e1n afuera del banco de suplentes.<\/strong><\/p>\n<p>La \u00fanica variante con respecto a la n\u00f3mina que dio el entrenador\u00a0para el partido con Aldosivi es <strong>el ingreso de Leandro Fern\u00e1ndez<\/strong>, quien ya sum\u00f3 minutos ante Camioneros por Copa Argentina,\u00a0<strong>en lugar de Dami\u00e1n Mart\u00ednez<\/strong>. El defensor\u00a0padece un\u00a0s\u00edndrome gripal.<\/p>\n<p><strong>A continuaci\u00f3n, los 20 concentrados ante Alianza Lima:<\/strong><\/p>\n<p><span style=\"text-decoration: underline;\"><strong>Arqueros:<\/strong><\/span> Mart\u00edn Campa\u00f1a y Gonzalo Rehak.<\/p>\n<p><span style=\"text-decoration: underline;\"><strong>Defensores:<\/strong><\/span> Fabricio Bustos, Gustavo Toledo, Alan Francoy y Nicol\u00e1s Tagliafico.<\/p>\n<p><span style=\"text-decoration: underline;\"><strong>Volantes:<\/strong><\/span> Juan S\u00e1nchez Mi\u00f1o, Walter Erviti, Juli\u00e1n Vitale, Emiliano Rigoni, Nery Dom\u00ednguez, Ezequiel Barco, Maximiliano Meza, Domingo Blanco y Diego Rodr\u00edguez.<\/p>\n<p><span style=\"text-decoration: underline;\"><strong>Delanteros:<\/strong><\/span> Emmanuel Gigliotti, Lucas Albertengo, Mart\u00edn Ben\u00edtez, Leandro Fern\u00e1ndez y Gast\u00f3n Togni.<\/p>\n","protected":false},"excerpt":{"rendered":"<p>Luego de la pr\u00e1ctica de esta ma\u00f1ana en Villa Dom\u00ednico, Ariel Holan entreg\u00f3 la lista de\u00a0convocados que viajar\u00e1n a Per\u00fa para el encuentro de vuelta ante Alianza Lima. En total son 20 los jugadores por lo que dos de ellos quedar\u00e1n afuera del banco de suplentes. La \u00fanica variante con respecto a la n\u00f3mina que [&hellip;]<\/p>\n","protected":false},"author":19,"featured_media":70524,"comment_status":"open","ping_status":"closed","sticky":false,"template":"","format":"standard","meta":{"_links_to":"","_links_to_target":""},"categories":[3247,3],"tags":[3389,2024,3347,951,2921],"_links":{"self":[{"href":"https:\/\/www.locoxelrojo.com\/independiente\/wp-json\/wp\/v2\/posts\/70523"}],"collection":[{"href":"https:\/\/www.locoxelrojo.com\/independiente\/wp-json\/wp\/v2\/posts"}],"about":[{"href":"https:\/\/www.locoxelrojo.com\/independiente\/wp-json\/wp\/v2\/types\/post"}],"author":[{"embeddable":true,"href":"https:\/\/www.locoxelrojo.com\/independiente\/wp-json\/wp\/v2\/users\/19"}],"replies":[{"embeddable":true,"href":"https:\/\/www.locoxelrojo.com\/independiente\/wp-json\/wp\/v2\/comments?post=70523"}],"version-history":[{"count":0,"href":"https:\/\/www.locoxelrojo.com\/independiente\/wp-json\/wp\/v2\/posts\/70523\/revisions"}],"wp:featuredmedia":[{"embeddable":true,"href":"https:\/\/www.locoxelrojo.com\/independiente\/wp-json\/wp\/v2\/media\/70524"}],"wp:attachment":[{"href":"https:\/\/www.locoxelrojo.com\/independiente\/wp-json\/wp\/v2\/media?parent=70523"}],"wp:term":[{"taxonomy":"category","embeddable":true,"href":"https:\/\/www.locoxelrojo.com\/independiente\/wp-json\/wp\/v2\/categories?post=70523"},{"taxonomy":"post_tag","embeddable":true,"href":"https:\/\/www.locoxelrojo.com\/independiente\/wp-json\/wp\/v2\/tags?post=70523"}],"curies":[{"name":"wp","href":"https:\/\/api.w.org\/{rel}","templated":true}]}}