{"id":70603,"date":"2017-06-01T19:50:06","date_gmt":"2017-06-01T22:50:06","guid":{"rendered":"http:\/\/www.locoxelrojo.com\/independiente\/?p=70603"},"modified":"2017-06-01T20:02:13","modified_gmt":"2017-06-01T23:02:13","slug":"llegaron-buenos-aires","status":"publish","type":"post","link":"https:\/\/www.locoxelrojo.com\/independiente\/2017\/06\/01\/llegaron-buenos-aires\/","title":{"rendered":"Llegaron a Buenos Aires"},"content":{"rendered":"<p><a href=\"https:\/\/www.locoxelrojo.com\/independiente\/2017\/05\/31\/se-copo-peru\/\">Luego de la victoria y clasificaci\u00f3n de Independiente ante Alianza Lima<\/a>, <strong>el plantel del Rojo\u00a0volvi\u00f3 a pisar suelo argentino en la tarde de\u00a0este jueves<\/strong>.<\/p>\n<p>Luego de haber cumplido uno de los objetivos del semestre, la delegaci\u00f3n roja regres\u00f3 r\u00e1pidamente a Buenos Aires. <strong>Alrededor de las 18:20 aterriz\u00f3 el vuelo proveniente de Lima y los futbolistas deber\u00e1n cambiar r\u00e1pidamente el chip porque el domingo se viene Boca<\/strong>, el l\u00edder del torneo.<\/p>\n<p><strong>Los dirigidos por Ariel Holan volver\u00e1n a trabajar ma\u00f1ana por la ma\u00f1ana en el predio de Alto Rendimiento de Villa Dom\u00ednico<\/strong>. El t\u00e9cnico deber\u00e1 seguir muy de cerca a\u00a0<a href=\"https:\/\/www.locoxelrojo.com\/independiente\/2017\/06\/01\/varios-entre-algodones\/\">Emmanuel Gigliotti, Emiliano Rigoni y Alan Franco, quienes terminaron el partido con sendas molestias<\/a>.<\/p>\n<p><a href=\"https:\/\/www.locoxelrojo.com\/independiente\/wp-content\/uploads\/2017\/06\/plantel-aeropuerto.jpg\"><img loading=\"lazy\" class=\"alignnone size-full wp-image-70606\" src=\"https:\/\/www.locoxelrojo.com\/independiente\/wp-content\/uploads\/2017\/06\/plantel-aeropuerto.jpg\" alt=\"plantel-aeropuerto\" width=\"741\" height=\"486\" srcset=\"https:\/\/locoxelrojo.com\/independiente\/wp-content\/uploads\/2017\/06\/plantel-aeropuerto.jpg 741w, https:\/\/locoxelrojo.com\/independiente\/wp-content\/uploads\/2017\/06\/plantel-aeropuerto-300x197.jpg 300w, https:\/\/locoxelrojo.com\/independiente\/wp-content\/uploads\/2017\/06\/plantel-aeropuerto-696x456.jpg 696w, https:\/\/locoxelrojo.com\/independiente\/wp-content\/uploads\/2017\/06\/plantel-aeropuerto-640x420.jpg 640w\" sizes=\"(max-width: 741px) 100vw, 741px\" \/><\/a><\/p>\n","protected":false},"excerpt":{"rendered":"<p>Luego de la victoria y clasificaci\u00f3n de Independiente ante Alianza Lima, el plantel del Rojo\u00a0volvi\u00f3 a pisar suelo argentino en la tarde de\u00a0este jueves. Luego de haber cumplido uno de los objetivos del semestre, la delegaci\u00f3n roja regres\u00f3 r\u00e1pidamente a Buenos Aires. Alrededor de las 18:20 aterriz\u00f3 el vuelo proveniente de Lima y los futbolistas [&hellip;]<\/p>\n","protected":false},"author":19,"featured_media":70604,"comment_status":"open","ping_status":"closed","sticky":false,"template":"","format":"standard","meta":{"_links_to":"","_links_to_target":""},"categories":[3280,3247],"tags":[],"_links":{"self":[{"href":"https:\/\/www.locoxelrojo.com\/independiente\/wp-json\/wp\/v2\/posts\/70603"}],"collection":[{"href":"https:\/\/www.locoxelrojo.com\/independiente\/wp-json\/wp\/v2\/posts"}],"about":[{"href":"https:\/\/www.locoxelrojo.com\/independiente\/wp-json\/wp\/v2\/types\/post"}],"author":[{"embeddable":true,"href":"https:\/\/www.locoxelrojo.com\/independiente\/wp-json\/wp\/v2\/users\/19"}],"replies":[{"embeddable":true,"href":"https:\/\/www.locoxelrojo.com\/independiente\/wp-json\/wp\/v2\/comments?post=70603"}],"version-history":[{"count":0,"href":"https:\/\/www.locoxelrojo.com\/independiente\/wp-json\/wp\/v2\/posts\/70603\/revisions"}],"wp:featuredmedia":[{"embeddable":true,"href":"https:\/\/www.locoxelrojo.com\/independiente\/wp-json\/wp\/v2\/media\/70604"}],"wp:attachment":[{"href":"https:\/\/www.locoxelrojo.com\/independiente\/wp-json\/wp\/v2\/media?parent=70603"}],"wp:term":[{"taxonomy":"category","embeddable":true,"href":"https:\/\/www.locoxelrojo.com\/independiente\/wp-json\/wp\/v2\/categories?post=70603"},{"taxonomy":"post_tag","embeddable":true,"href":"https:\/\/www.locoxelrojo.com\/independiente\/wp-json\/wp\/v2\/tags?post=70603"}],"curies":[{"name":"wp","href":"https:\/\/api.w.org\/{rel}","templated":true}]}}