{"id":70656,"date":"2017-06-04T21:15:16","date_gmt":"2017-06-05T00:15:16","guid":{"rendered":"http:\/\/www.locoxelrojo.com\/independiente\/?p=70656"},"modified":"2017-06-04T21:55:38","modified_gmt":"2017-06-05T00:55:38","slug":"barco-encendio-la-alarma","status":"publish","type":"post","link":"https:\/\/www.locoxelrojo.com\/independiente\/2017\/06\/04\/barco-encendio-la-alarma\/","title":{"rendered":"Barco encendi\u00f3 la alarma"},"content":{"rendered":"<p><strong>Ezequiel Barco sali\u00f3 lesionado en el complemento del choque ante Boca y preocup\u00f3 a todos. En las pr\u00f3ximas horas le har\u00e1n estudios para conocer la gravedad, aunque el cuerpo m\u00e9dico ya entreg\u00f3 un primer diagn\u00f3stico.\u00a0<\/strong><\/p>\n<p>Transcurr\u00eda el segundo tiempo y el pibe de 18 a\u00f1os aguantaba sobre el c\u00f3rner marcado por dos futbolistas de Boca, hasta que Wilmar Barrios lleg\u00f3 y le pis\u00f3 el tobillo. <strong>El juvenil fue atendido y regres\u00f3 al campo de juego e intent\u00f3 seguir un rato m\u00e1s, pero su dolor fue evidente y sali\u00f3 sustituido.<\/strong><\/p>\n<p>En primera instancia, <strong>los m\u00e9dicos del plantel informaron que tiene un traumatismo en el tobillo izquierdo aunque en el d\u00eda de ma\u00f1ana le har\u00e1n los estudios pertinentes para saber el grado de la lesi\u00f3n<\/strong> y si Ariel Holan lo podr\u00e1 contar o no para el partido contra Defensa y Justicia.<\/p>\n","protected":false},"excerpt":{"rendered":"<p>Ezequiel Barco sali\u00f3 lesionado en el complemento del choque ante Boca y preocup\u00f3 a todos. En las pr\u00f3ximas horas le har\u00e1n estudios para conocer la gravedad, aunque el cuerpo m\u00e9dico ya entreg\u00f3 un primer diagn\u00f3stico.\u00a0 Transcurr\u00eda el segundo tiempo y el pibe de 18 a\u00f1os aguantaba sobre el c\u00f3rner marcado por dos futbolistas de Boca, [&hellip;]<\/p>\n","protected":false},"author":16,"featured_media":70658,"comment_status":"open","ping_status":"closed","sticky":false,"template":"","format":"standard","meta":{"_links_to":"","_links_to_target":""},"categories":[3247,3],"tags":[193,153,3215,3243],"_links":{"self":[{"href":"https:\/\/www.locoxelrojo.com\/independiente\/wp-json\/wp\/v2\/posts\/70656"}],"collection":[{"href":"https:\/\/www.locoxelrojo.com\/independiente\/wp-json\/wp\/v2\/posts"}],"about":[{"href":"https:\/\/www.locoxelrojo.com\/independiente\/wp-json\/wp\/v2\/types\/post"}],"author":[{"embeddable":true,"href":"https:\/\/www.locoxelrojo.com\/independiente\/wp-json\/wp\/v2\/users\/16"}],"replies":[{"embeddable":true,"href":"https:\/\/www.locoxelrojo.com\/independiente\/wp-json\/wp\/v2\/comments?post=70656"}],"version-history":[{"count":0,"href":"https:\/\/www.locoxelrojo.com\/independiente\/wp-json\/wp\/v2\/posts\/70656\/revisions"}],"wp:featuredmedia":[{"embeddable":true,"href":"https:\/\/www.locoxelrojo.com\/independiente\/wp-json\/wp\/v2\/media\/70658"}],"wp:attachment":[{"href":"https:\/\/www.locoxelrojo.com\/independiente\/wp-json\/wp\/v2\/media?parent=70656"}],"wp:term":[{"taxonomy":"category","embeddable":true,"href":"https:\/\/www.locoxelrojo.com\/independiente\/wp-json\/wp\/v2\/categories?post=70656"},{"taxonomy":"post_tag","embeddable":true,"href":"https:\/\/www.locoxelrojo.com\/independiente\/wp-json\/wp\/v2\/tags?post=70656"}],"curies":[{"name":"wp","href":"https:\/\/api.w.org\/{rel}","templated":true}]}}