{"id":70703,"date":"2017-06-08T10:00:02","date_gmt":"2017-06-08T13:00:02","guid":{"rendered":"http:\/\/www.locoxelrojo.com\/independiente\/?p=70703"},"modified":"2017-06-08T12:30:37","modified_gmt":"2017-06-08T15:30:37","slug":"montana-defensa-jugar-cuando-termine-torneo","status":"publish","type":"post","link":"https:\/\/www.locoxelrojo.com\/independiente\/2017\/06\/08\/montana-defensa-jugar-cuando-termine-torneo\/","title":{"rendered":"Monta\u00f1a: &#8220;Contra Defensa vamos a jugar cuando termine el torneo&#8221;"},"content":{"rendered":"<p>El partido ante el Halc\u00f3n de Varela ya se transform\u00f3 en una verdadera novela. Cuando todo parec\u00eda indicar que el encuentro se iba a jugar el pr\u00f3ximo, se posterg\u00f3 para el mi\u00e9rcoles siguiente y ahora <strong>Carlos Monta\u00f1a<\/strong> asegur\u00f3 que\u00a0el encuentro <strong>&#8220;qued\u00f3 postergado y sin fecha&#8221;<\/strong>.<\/p>\n<p>En di\u00e1logo con Destino Red, uno de los Vicepresidentes de Independiente afirm\u00f3: <strong>&#8220;Por diferencias con Defensa y Justicia, el partido qued\u00f3 postergado y sin fecha. Puedo asegurar que vamos a jugar cuando termine el torneo&#8221;<\/strong>.<\/p>\n<p>Con respecto al mercado de pases, el dirigente reconoci\u00f3 que el t\u00e9cnico a\u00fan no les hizo llegar un listado de jugadores que pretende. <strong>&#8220;(Ariel) Holan y la Comisi\u00f3n Directiva est\u00e1n enfocados en el campeonato. No se pidi\u00f3 ning\u00fan refuerzo todav\u00eda. La idea de la dirigencia de Independiente es mantener este plantel&#8221;<\/strong>, reconoci\u00f3.<\/p>\n<p>Por \u00faltimo, Monta\u00f1a hizo menci\u00f3n a la sanci\u00f3n\u00a0que Nicol\u00e1s Figal recibir\u00e1 de la CONMEBOL. <strong>&#8220;La sanci\u00f3n llegar\u00e1 esta semana. Somos optimistas con respecto a la misma, los abogados est\u00e1n trabajando muy fuerte&#8221;<\/strong>, concluy\u00f3.<\/p>\n","protected":false},"excerpt":{"rendered":"<p>El partido ante el Halc\u00f3n de Varela ya se transform\u00f3 en una verdadera novela. Cuando todo parec\u00eda indicar que el encuentro se iba a jugar el pr\u00f3ximo, se posterg\u00f3 para el mi\u00e9rcoles siguiente y ahora Carlos Monta\u00f1a asegur\u00f3 que\u00a0el encuentro &#8220;qued\u00f3 postergado y sin fecha&#8221;. En di\u00e1logo con Destino Red, uno de los Vicepresidentes de [&hellip;]<\/p>\n","protected":false},"author":19,"featured_media":68605,"comment_status":"open","ping_status":"closed","sticky":false,"template":"","format":"standard","meta":{"_links_to":"","_links_to_target":""},"categories":[3280,3247],"tags":[2654],"_links":{"self":[{"href":"https:\/\/www.locoxelrojo.com\/independiente\/wp-json\/wp\/v2\/posts\/70703"}],"collection":[{"href":"https:\/\/www.locoxelrojo.com\/independiente\/wp-json\/wp\/v2\/posts"}],"about":[{"href":"https:\/\/www.locoxelrojo.com\/independiente\/wp-json\/wp\/v2\/types\/post"}],"author":[{"embeddable":true,"href":"https:\/\/www.locoxelrojo.com\/independiente\/wp-json\/wp\/v2\/users\/19"}],"replies":[{"embeddable":true,"href":"https:\/\/www.locoxelrojo.com\/independiente\/wp-json\/wp\/v2\/comments?post=70703"}],"version-history":[{"count":0,"href":"https:\/\/www.locoxelrojo.com\/independiente\/wp-json\/wp\/v2\/posts\/70703\/revisions"}],"wp:featuredmedia":[{"embeddable":true,"href":"https:\/\/www.locoxelrojo.com\/independiente\/wp-json\/wp\/v2\/media\/68605"}],"wp:attachment":[{"href":"https:\/\/www.locoxelrojo.com\/independiente\/wp-json\/wp\/v2\/media?parent=70703"}],"wp:term":[{"taxonomy":"category","embeddable":true,"href":"https:\/\/www.locoxelrojo.com\/independiente\/wp-json\/wp\/v2\/categories?post=70703"},{"taxonomy":"post_tag","embeddable":true,"href":"https:\/\/www.locoxelrojo.com\/independiente\/wp-json\/wp\/v2\/tags?post=70703"}],"curies":[{"name":"wp","href":"https:\/\/api.w.org\/{rel}","templated":true}]}}