{"id":70704,"date":"2017-06-08T11:00:10","date_gmt":"2017-06-08T14:00:10","guid":{"rendered":"http:\/\/www.locoxelrojo.com\/independiente\/?p=70704"},"modified":"2017-06-08T13:13:34","modified_gmt":"2017-06-08T16:13:34","slug":"reck-figal-no-va-estar-cuatro-meses","status":"publish","type":"post","link":"https:\/\/www.locoxelrojo.com\/independiente\/2017\/06\/08\/reck-figal-no-va-estar-cuatro-meses\/","title":{"rendered":"Reck: &#8220;Figal no va a estar por cuatro meses&#8221;"},"content":{"rendered":"<p><strong>Ariel Reck<\/strong>, abogado que se especializa en derecho deportivo, se refiri\u00f3 a la sanci\u00f3n que en los pr\u00f3ximos d\u00edas reciba Nicol\u00e1s Figal. Adem\u00e1s, habl\u00f3 de la pol\u00e9mica habilitaci\u00f3n de Leandro Fern\u00e1ndez.<\/p>\n<p>En declaraciones con Late Independiente, Reck asegur\u00f3: <strong>&#8220;Con Figal, por ahora, sali\u00f3 la contraprueba. No est\u00e1 el plazo para el descargo, pero por cuatro meses no va a estar&#8221;<\/strong>. Y en esa l\u00ednea, agreg\u00f3: <strong>&#8220;Los antecedentes por este tema, casi siempre, duran eso&#8221;<\/strong>.<\/p>\n<p>Por otra parte, explic\u00f3 la situaci\u00f3n del delantero ex Godoy Cruz:\u00a0<strong>&#8220;Leandro (Fern\u00e1ndez) ya est\u00e1 habilitado, no importa que no haya salido efectiva la condena de Figal&#8221;<\/strong>. Y luego, Reck record\u00f3: <strong>&#8220;No es el primer caso en el que pasa esto. Con el tema de (Pablo) Migliore, la Asociaci\u00f3n del F\u00fatbol Argentino permiti\u00f3 que San Lorenzo use a un jugador de afuera&#8221;<\/strong>.<\/p>\n<p>Por \u00faltimo, hizo menci\u00f3n a dos\u00a0casos legales que deben resolverse en favor del club. <strong>&#8220;Lo de (Leonel) Galeano ya est\u00e1 en el TAS y lo de (Mat\u00edas) Pisano, en FIFA, donde se venci\u00f3 el plazo del Cruzeiro para pagar&#8221;<\/strong>, sentenci\u00f3.<\/p>\n","protected":false},"excerpt":{"rendered":"<p>Ariel Reck, abogado que se especializa en derecho deportivo, se refiri\u00f3 a la sanci\u00f3n que en los pr\u00f3ximos d\u00edas reciba Nicol\u00e1s Figal. Adem\u00e1s, habl\u00f3 de la pol\u00e9mica habilitaci\u00f3n de Leandro Fern\u00e1ndez. En declaraciones con Late Independiente, Reck asegur\u00f3: &#8220;Con Figal, por ahora, sali\u00f3 la contraprueba. No est\u00e1 el plazo para el descargo, pero por cuatro [&hellip;]<\/p>\n","protected":false},"author":19,"featured_media":70705,"comment_status":"open","ping_status":"closed","sticky":false,"template":"","format":"standard","meta":{"_links_to":"","_links_to_target":""},"categories":[3280,3247],"tags":[2596,2921,60,2243,2625],"_links":{"self":[{"href":"https:\/\/www.locoxelrojo.com\/independiente\/wp-json\/wp\/v2\/posts\/70704"}],"collection":[{"href":"https:\/\/www.locoxelrojo.com\/independiente\/wp-json\/wp\/v2\/posts"}],"about":[{"href":"https:\/\/www.locoxelrojo.com\/independiente\/wp-json\/wp\/v2\/types\/post"}],"author":[{"embeddable":true,"href":"https:\/\/www.locoxelrojo.com\/independiente\/wp-json\/wp\/v2\/users\/19"}],"replies":[{"embeddable":true,"href":"https:\/\/www.locoxelrojo.com\/independiente\/wp-json\/wp\/v2\/comments?post=70704"}],"version-history":[{"count":0,"href":"https:\/\/www.locoxelrojo.com\/independiente\/wp-json\/wp\/v2\/posts\/70704\/revisions"}],"wp:featuredmedia":[{"embeddable":true,"href":"https:\/\/www.locoxelrojo.com\/independiente\/wp-json\/wp\/v2\/media\/70705"}],"wp:attachment":[{"href":"https:\/\/www.locoxelrojo.com\/independiente\/wp-json\/wp\/v2\/media?parent=70704"}],"wp:term":[{"taxonomy":"category","embeddable":true,"href":"https:\/\/www.locoxelrojo.com\/independiente\/wp-json\/wp\/v2\/categories?post=70704"},{"taxonomy":"post_tag","embeddable":true,"href":"https:\/\/www.locoxelrojo.com\/independiente\/wp-json\/wp\/v2\/tags?post=70704"}],"curies":[{"name":"wp","href":"https:\/\/api.w.org\/{rel}","templated":true}]}}