{"id":70706,"date":"2017-06-08T14:03:12","date_gmt":"2017-06-08T17:03:12","guid":{"rendered":"http:\/\/www.locoxelrojo.com\/independiente\/?p=70706"},"modified":"2017-06-08T14:03:43","modified_gmt":"2017-06-08T17:03:43","slug":"dos-diferenciados","status":"publish","type":"post","link":"https:\/\/www.locoxelrojo.com\/independiente\/2017\/06\/08\/dos-diferenciados\/","title":{"rendered":"Dos diferenciados"},"content":{"rendered":"<p>El plantel de Independiente se entren\u00f3 esta ma\u00f1ana en Villa Dom\u00ednico con <a href=\"https:\/\/www.locoxelrojo.com\/independiente\/2017\/06\/08\/montana-defensa-jugar-cuando-termine-torneo\/\">la incertidumbre de no saber cu\u00e1ndo se jugar\u00e1 el partido con Defensa y Justicia<\/a>. Para el ensayo de hoy, <strong>Ariel Holan no pudo contar con dos futbolistas que trabajaron aparte<\/strong>.<\/p>\n<p>Los jugadores que no se movieron a la par de sus compa\u00f1eros fueron <strong>Emmanuel Gigliotti y Ezequiel Barco, ambos con diferentes molestias<\/strong>. El centrodelantero arrastra una pubalgia y el juvenil, un golpe en su tobillo izquierdo.<\/p>\n<p>El resto del equipo comenz\u00f3 la jornada con una <strong>entrada en calor con ejercicios f\u00edsicos \u00a0y luego se llevaron a cabo movimientos con pelota en ataque<\/strong>.<\/p>\n<blockquote class=\"twitter-video\" data-lang=\"es\">\n<p dir=\"ltr\" lang=\"es\"><a href=\"https:\/\/twitter.com\/hashtag\/FutbolCAI?src=hash\">#FutbolCAI<\/a> &#8211; En este momento, se llevan a cabo movimientos con pelota en ataque para un grupo de volantes ofensivos y delanteros. <a href=\"https:\/\/t.co\/XmIvbbahdi\">pic.twitter.com\/XmIvbbahdi<\/a><\/p>\n<p>\u2014 C. A. Independiente (@Independiente) <a href=\"https:\/\/twitter.com\/Independiente\/status\/872813730886758400\">8 de junio de 2017<\/a><\/p><\/blockquote>\n<p><script async src=\"\/\/platform.twitter.com\/widgets.js\" charset=\"utf-8\"><\/script><\/p>\n<p><span style=\"color: #999999;\"><em>Foto: Club Atl\u00e9tico Independiente<\/em><\/span><\/p>\n","protected":false},"excerpt":{"rendered":"<p>El plantel de Independiente se entren\u00f3 esta ma\u00f1ana en Villa Dom\u00ednico con la incertidumbre de no saber cu\u00e1ndo se jugar\u00e1 el partido con Defensa y Justicia. Para el ensayo de hoy, Ariel Holan no pudo contar con dos futbolistas que trabajaron aparte. Los jugadores que no se movieron a la par de sus compa\u00f1eros fueron [&hellip;]<\/p>\n","protected":false},"author":19,"featured_media":70707,"comment_status":"open","ping_status":"closed","sticky":false,"template":"","format":"standard","meta":{"_links_to":"","_links_to_target":""},"categories":[3247,3],"tags":[2199,26,3215,3486],"_links":{"self":[{"href":"https:\/\/www.locoxelrojo.com\/independiente\/wp-json\/wp\/v2\/posts\/70706"}],"collection":[{"href":"https:\/\/www.locoxelrojo.com\/independiente\/wp-json\/wp\/v2\/posts"}],"about":[{"href":"https:\/\/www.locoxelrojo.com\/independiente\/wp-json\/wp\/v2\/types\/post"}],"author":[{"embeddable":true,"href":"https:\/\/www.locoxelrojo.com\/independiente\/wp-json\/wp\/v2\/users\/19"}],"replies":[{"embeddable":true,"href":"https:\/\/www.locoxelrojo.com\/independiente\/wp-json\/wp\/v2\/comments?post=70706"}],"version-history":[{"count":0,"href":"https:\/\/www.locoxelrojo.com\/independiente\/wp-json\/wp\/v2\/posts\/70706\/revisions"}],"wp:featuredmedia":[{"embeddable":true,"href":"https:\/\/www.locoxelrojo.com\/independiente\/wp-json\/wp\/v2\/media\/70707"}],"wp:attachment":[{"href":"https:\/\/www.locoxelrojo.com\/independiente\/wp-json\/wp\/v2\/media?parent=70706"}],"wp:term":[{"taxonomy":"category","embeddable":true,"href":"https:\/\/www.locoxelrojo.com\/independiente\/wp-json\/wp\/v2\/categories?post=70706"},{"taxonomy":"post_tag","embeddable":true,"href":"https:\/\/www.locoxelrojo.com\/independiente\/wp-json\/wp\/v2\/tags?post=70706"}],"curies":[{"name":"wp","href":"https:\/\/api.w.org\/{rel}","templated":true}]}}