{"id":70847,"date":"2017-06-18T11:50:08","date_gmt":"2017-06-18T14:50:08","guid":{"rendered":"http:\/\/www.locoxelrojo.com\/independiente\/?p=70847"},"modified":"2017-06-18T12:44:35","modified_gmt":"2017-06-18T15:44:35","slug":"acomodarse-zona-copa","status":"publish","type":"post","link":"https:\/\/www.locoxelrojo.com\/independiente\/2017\/06\/18\/acomodarse-zona-copa\/","title":{"rendered":"Para acomodarse en zona de Copa"},"content":{"rendered":"<p><strong>Por la 28\u00ba fecha del Campeonato 2016\/2017, Independiente recibir\u00e1 a Olimpo desde las 16:15 en el Estadio Libertadores de Am\u00e9rica, con <a href=\"https:\/\/www.locoxelrojo.com\/independiente\/2017\/06\/17\/espinoza-arbitro-ante-olimpo\/\">el arbitraje de Fernando Espinoza<\/a>.<\/strong><\/p>\n<p>El valios\u00edsimo triunfo ante Defensa y Justicia en Florencio Varela afirm\u00f3 las intenciones del Rojo de jugar la Libertadores 2018. Y esta tarde puede acomodarse todav\u00eda m\u00e1s en puestos de Copa. <strong>Si logra vencer al Aurinegro, trepar\u00e1 a la\u00a04\u00ba posici\u00f3n<\/strong> con un punto m\u00e1s que Estudiantes y dos m\u00e1s que San Lorenzo, <strong>lo que le permitir\u00e1 terminar la fecha en zona de clasificaci\u00f3n<\/strong>.<\/p>\n<p>Ariel Holan parece tener todo listo para afrontar este duelo clave para lograr el objetivo del plantel. Ante <a href=\"https:\/\/www.locoxelrojo.com\/independiente\/2017\/06\/15\/torito-se-pierde-proximo\/\">la ausencia de Diego Rodr\u00edguez por cinco amarillas <\/a>y <a href=\"https:\/\/www.locoxelrojo.com\/independiente\/2017\/06\/15\/dos-tocados-luego-del-triunfo\/\">el esguince que sufri\u00f3 Maximiliano Meza<\/a>, el DT apostar\u00eda por <strong>los ingresos de Walter Erviti en el mediocampo y Mart\u00edn Ben\u00edtez en ataque<\/strong>. Y como Emmanuel Gigliotti a\u00fan no dej\u00f3 atr\u00e1s la pubalg\u00eda, <strong>Lucas Albertengo seguir\u00eda como centrodelantero<\/strong>.<\/p>\n<p>Por su parte, <strong>Olimpo tambi\u00e9n se juega mucho<\/strong> en Avellaneda. La victoria de Temperley oblig\u00f3 a los de Bah\u00eda Blanca a <strong>ganar para salir de la zona de descenso<\/strong> y meter en ese puesto a Arsenal, que perdi\u00f3 el s\u00e1bado. Entre los once titulares habr\u00e1 <strong>dos ex Independiente: Adri\u00e1n Gabbarini y Francisco Pizzini<\/strong> -debe volver al club en junio-.<\/p>\n<p><span style=\"text-decoration: underline;\"><strong>Posibles formaciones<\/strong><\/span><\/p>\n<p><strong>Independiente:<\/strong> Mart\u00edn Campa\u00f1a; Fabricio Bustos, Alan Franco, Nicol\u00e1s Tagliafico, Juan S\u00e1nchez Mi\u00f1o; Nery Dom\u00ednguez, Walter Erviti; Emiliano Rigoni, Mart\u00edn Ben\u00edtez; Ezequiel Barco; Lucas Albertengo.<br \/>\n<strong>DT:<\/strong> Ariel Holan.<\/p>\n<p><strong>Olimpo:<\/strong> Adri\u00e1n Gabbarini; Ezequiel Parnisari, Yonathan Cabral, Carlos Rodr\u00edguez, Nicol\u00e1s Pantaleone; Jonatan Blanco; Francisco Pizzini, Emiliano Tellechea, Mart\u00edn P\u00e9rez Guedes, Rodrigo Caballuci; Fernando Coniglio.<br \/>\n<strong>DT:<\/strong> Mario Sciacqua.<\/p>\n<p><strong>\u00c1rbitro:<\/strong> Fernando Espinoza.<\/p>\n<p><strong>Hora:<\/strong> 16.15.<\/p>\n<p><strong>Estadio:<\/strong> Libertadores de Am\u00e9rica.<\/p>\n<p><strong>Televisaci\u00f3n:<\/strong> Canal 9.<\/p>\n","protected":false},"excerpt":{"rendered":"<p>Por la 28\u00ba fecha del Campeonato 2016\/2017, Independiente recibir\u00e1 a Olimpo desde las 16:15 en el Estadio Libertadores de Am\u00e9rica, con el arbitraje de Fernando Espinoza. El valios\u00edsimo triunfo ante Defensa y Justicia en Florencio Varela afirm\u00f3 las intenciones del Rojo de jugar la Libertadores 2018. Y esta tarde puede acomodarse todav\u00eda m\u00e1s en puestos [&hellip;]<\/p>\n","protected":false},"author":8,"featured_media":70236,"comment_status":"open","ping_status":"closed","sticky":false,"template":"","format":"standard","meta":{"_links_to":"","_links_to_target":""},"categories":[3247,2007],"tags":[153,2688,3243],"_links":{"self":[{"href":"https:\/\/www.locoxelrojo.com\/independiente\/wp-json\/wp\/v2\/posts\/70847"}],"collection":[{"href":"https:\/\/www.locoxelrojo.com\/independiente\/wp-json\/wp\/v2\/posts"}],"about":[{"href":"https:\/\/www.locoxelrojo.com\/independiente\/wp-json\/wp\/v2\/types\/post"}],"author":[{"embeddable":true,"href":"https:\/\/www.locoxelrojo.com\/independiente\/wp-json\/wp\/v2\/users\/8"}],"replies":[{"embeddable":true,"href":"https:\/\/www.locoxelrojo.com\/independiente\/wp-json\/wp\/v2\/comments?post=70847"}],"version-history":[{"count":0,"href":"https:\/\/www.locoxelrojo.com\/independiente\/wp-json\/wp\/v2\/posts\/70847\/revisions"}],"wp:featuredmedia":[{"embeddable":true,"href":"https:\/\/www.locoxelrojo.com\/independiente\/wp-json\/wp\/v2\/media\/70236"}],"wp:attachment":[{"href":"https:\/\/www.locoxelrojo.com\/independiente\/wp-json\/wp\/v2\/media?parent=70847"}],"wp:term":[{"taxonomy":"category","embeddable":true,"href":"https:\/\/www.locoxelrojo.com\/independiente\/wp-json\/wp\/v2\/categories?post=70847"},{"taxonomy":"post_tag","embeddable":true,"href":"https:\/\/www.locoxelrojo.com\/independiente\/wp-json\/wp\/v2\/tags?post=70847"}],"curies":[{"name":"wp","href":"https:\/\/api.w.org\/{rel}","templated":true}]}}