{"id":70848,"date":"2017-06-18T18:50:23","date_gmt":"2017-06-18T21:50:23","guid":{"rendered":"http:\/\/www.locoxelrojo.com\/independiente\/?p=70848"},"modified":"2017-06-18T18:50:23","modified_gmt":"2017-06-18T21:50:23","slug":"ficha-del-partido-vs-olimpo-7","status":"publish","type":"post","link":"https:\/\/www.locoxelrojo.com\/independiente\/2017\/06\/18\/ficha-del-partido-vs-olimpo-7\/","title":{"rendered":"Ficha del partido vs. Olimpo"},"content":{"rendered":"<p><strong>Independiente (1):<\/strong> Mart\u00edn Campa\u00f1a; Fabricio Bustos, Alan Franco, Nicol\u00e1s Tagliafico, Juan S\u00e1nchez Mi\u00f1o; Nery Dom\u00ednguez, Walter Erviti; Emiliano Rigoni, Mart\u00edn Ben\u00edtez, Ezequiel Barco; Lucas Albertengo.<\/p>\n<p><strong>DT:<\/strong> Ariel Holan.<\/p>\n<p><strong>Olimpo (1):<\/strong> Adri\u00e1n Gabbarini; Ezequiel Parnisari, Carlos Rodr\u00edguez, Yonathan Cabral, Nicol\u00e1s Pantaleone; Jonathan Blanco; Francisco Pizzini, Mart\u00edn P\u00e9rez Guedes, Emiliano Tellechea, Rodrigo Caballucci; Fernando Coniglio.<\/p>\n<p><strong>DT:<\/strong> Mario Sciacqua<\/p>\n<p><strong>Goles:<\/strong> PT 36&#8242; Lucas Albertengo (I), ST 6&#8242; Carlos Rodr\u00edguez (O).<\/p>\n<p><strong>Cambios:<\/strong> ST 19&#8242; Maximiliano Meza por Mart\u00edn Ben\u00edtez (I), 32&#8242; Gast\u00f3n Togni por Walter Erviti (I), 33&#8242; Ezequiel Vidal por Rodrigo Caballuci (O), Mat\u00edas Mayer por Fernando Coniglio (O), Franco Troyansky por Emiliano Tellechea (O).<\/p>\n<p><strong>Amonestados:<\/strong> PT 10&#8242; Emiliano Rigoni (I), 13&#8242; Emiliano Tellechea (O), 43&#8242; Yonathan Cabral (O), ST 34&#8242; Fernando Coniglio (O), 44&#8242; Jonathan Blanco (O), 44&#8242; Ezequiel Barco (I), 47&#8242; Gast\u00f3n Togni (I).<\/p>\n<p><strong>Expulsados:<\/strong> No hubo.<\/p>\n<p><strong>\u00c1rbitro:<\/strong> Fernando Espinoza.<\/p>\n<p><strong>Estadio:<\/strong> Libertadores de Am\u00e9rica.<\/p>\n<p><span style=\"color: #999999;\"><em>Foto: Club Atl\u00e9tico Independiente.<\/em><\/span><\/p>\n","protected":false},"excerpt":{"rendered":"<p>Independiente (1): Mart\u00edn Campa\u00f1a; Fabricio Bustos, Alan Franco, Nicol\u00e1s Tagliafico, Juan S\u00e1nchez Mi\u00f1o; Nery Dom\u00ednguez, Walter Erviti; Emiliano Rigoni, Mart\u00edn Ben\u00edtez, Ezequiel Barco; Lucas Albertengo. DT: Ariel Holan. Olimpo (1): Adri\u00e1n Gabbarini; Ezequiel Parnisari, Carlos Rodr\u00edguez, Yonathan Cabral, Nicol\u00e1s Pantaleone; Jonathan Blanco; Francisco Pizzini, Mart\u00edn P\u00e9rez Guedes, Emiliano Tellechea, Rodrigo Caballucci; Fernando Coniglio. DT: Mario [&hellip;]<\/p>\n","protected":false},"author":14,"featured_media":70849,"comment_status":"open","ping_status":"closed","sticky":false,"template":"","format":"standard","meta":{"_links_to":"","_links_to_target":""},"categories":[3247,1988],"tags":[153,2688,3243],"_links":{"self":[{"href":"https:\/\/www.locoxelrojo.com\/independiente\/wp-json\/wp\/v2\/posts\/70848"}],"collection":[{"href":"https:\/\/www.locoxelrojo.com\/independiente\/wp-json\/wp\/v2\/posts"}],"about":[{"href":"https:\/\/www.locoxelrojo.com\/independiente\/wp-json\/wp\/v2\/types\/post"}],"author":[{"embeddable":true,"href":"https:\/\/www.locoxelrojo.com\/independiente\/wp-json\/wp\/v2\/users\/14"}],"replies":[{"embeddable":true,"href":"https:\/\/www.locoxelrojo.com\/independiente\/wp-json\/wp\/v2\/comments?post=70848"}],"version-history":[{"count":0,"href":"https:\/\/www.locoxelrojo.com\/independiente\/wp-json\/wp\/v2\/posts\/70848\/revisions"}],"wp:featuredmedia":[{"embeddable":true,"href":"https:\/\/www.locoxelrojo.com\/independiente\/wp-json\/wp\/v2\/media\/70849"}],"wp:attachment":[{"href":"https:\/\/www.locoxelrojo.com\/independiente\/wp-json\/wp\/v2\/media?parent=70848"}],"wp:term":[{"taxonomy":"category","embeddable":true,"href":"https:\/\/www.locoxelrojo.com\/independiente\/wp-json\/wp\/v2\/categories?post=70848"},{"taxonomy":"post_tag","embeddable":true,"href":"https:\/\/www.locoxelrojo.com\/independiente\/wp-json\/wp\/v2\/tags?post=70848"}],"curies":[{"name":"wp","href":"https:\/\/api.w.org\/{rel}","templated":true}]}}