{"id":70854,"date":"2017-06-18T19:30:29","date_gmt":"2017-06-18T22:30:29","guid":{"rendered":"http:\/\/www.locoxelrojo.com\/independiente\/?p=70854"},"modified":"2017-06-18T20:56:05","modified_gmt":"2017-06-18T23:56:05","slug":"holan-no-tuvimos-la-precision-deseada","status":"publish","type":"post","link":"https:\/\/www.locoxelrojo.com\/independiente\/2017\/06\/18\/holan-no-tuvimos-la-precision-deseada\/","title":{"rendered":"Holan: &#8220;No tuvimos la precisi\u00f3n deseada&#8221;"},"content":{"rendered":"<p><strong>Ariel Holan<\/strong> se mostr\u00f3 disconforme con el empate 1-1 de Independiente con Olimpo en Avellaneda. Coment\u00f3 que al partido le falt\u00f3 m\u00e1s precisi\u00f3n y valor\u00f3 el aporte de Bustos.<\/p>\n<p><strong>&#8220;Hicimos un partido donde no tuvimos la precisi\u00f3n deseada, por lo menos de mitad de cancha para adelante&#8221;<\/strong>, arranc\u00f3 el director t\u00e9cnico. As\u00ed mismo, explic\u00f3 que el partido se complic\u00f3 por la situaci\u00f3n del rival: <strong>&#8220;Sab\u00edamos que Olimpo era un equipo que necesitaba los puntos y que iban a venir a jugar as\u00ed&#8221;<\/strong>.<\/p>\n<p>Continuando con la idea, subray\u00f3 sobre la precisi\u00f3n y aprovech\u00f3 la ocasi\u00f3n para opinar sobre el gol de Lucas Albertengo. <strong>&#8220;Tenemos que seguir mejorando la precisi\u00f3n para poder terminar las jugadas en gol. Ojal\u00e1 que el gol sirva de entusiasmo para que Lucas siga mejorando&#8221;<\/strong>, afirm\u00f3.<\/p>\n<p>M\u00e1s tarde, cuando fue consultado por los dos delanteros que no pudieron ser de la partida hoy por diferentes motivos, contest\u00f3:\u00a0<strong>&#8220;No queremos apurar a Emma (Gigliotti) porque esas lesiones necesitan tiempo&#8221;<\/strong>.\u00a0Y en relaci\u00f3n a Leandro Fern\u00e1ndez dej\u00f3\u00a0bien clara su postura: <strong>&#8220;Ojal\u00e1 pueda estar habilitado para los dos partidos que quedan porque ser\u00eda importante tenerlo&#8221;<\/strong>.<\/p>\n<p>Por \u00faltimo, demostr\u00f3 su conformidad con el juvenil Bustos. <strong>&#8220;Hizo un gran partido, como lo viene haciendo todo el campeonato\u201d<\/strong>, cerr\u00f3.<\/p>\n","protected":false},"excerpt":{"rendered":"<p>Ariel Holan se mostr\u00f3 disconforme con el empate 1-1 de Independiente con Olimpo en Avellaneda. Coment\u00f3 que al partido le falt\u00f3 m\u00e1s precisi\u00f3n y valor\u00f3 el aporte de Bustos. &#8220;Hicimos un partido donde no tuvimos la precisi\u00f3n deseada, por lo menos de mitad de cancha para adelante&#8221;, arranc\u00f3 el director t\u00e9cnico. As\u00ed mismo, explic\u00f3 que [&hellip;]<\/p>\n","protected":false},"author":23,"featured_media":70856,"comment_status":"open","ping_status":"closed","sticky":false,"template":"","format":"standard","meta":{"_links_to":"","_links_to_target":""},"categories":[3247,3],"tags":[2998],"_links":{"self":[{"href":"https:\/\/www.locoxelrojo.com\/independiente\/wp-json\/wp\/v2\/posts\/70854"}],"collection":[{"href":"https:\/\/www.locoxelrojo.com\/independiente\/wp-json\/wp\/v2\/posts"}],"about":[{"href":"https:\/\/www.locoxelrojo.com\/independiente\/wp-json\/wp\/v2\/types\/post"}],"author":[{"embeddable":true,"href":"https:\/\/www.locoxelrojo.com\/independiente\/wp-json\/wp\/v2\/users\/23"}],"replies":[{"embeddable":true,"href":"https:\/\/www.locoxelrojo.com\/independiente\/wp-json\/wp\/v2\/comments?post=70854"}],"version-history":[{"count":0,"href":"https:\/\/www.locoxelrojo.com\/independiente\/wp-json\/wp\/v2\/posts\/70854\/revisions"}],"wp:featuredmedia":[{"embeddable":true,"href":"https:\/\/www.locoxelrojo.com\/independiente\/wp-json\/wp\/v2\/media\/70856"}],"wp:attachment":[{"href":"https:\/\/www.locoxelrojo.com\/independiente\/wp-json\/wp\/v2\/media?parent=70854"}],"wp:term":[{"taxonomy":"category","embeddable":true,"href":"https:\/\/www.locoxelrojo.com\/independiente\/wp-json\/wp\/v2\/categories?post=70854"},{"taxonomy":"post_tag","embeddable":true,"href":"https:\/\/www.locoxelrojo.com\/independiente\/wp-json\/wp\/v2\/tags?post=70854"}],"curies":[{"name":"wp","href":"https:\/\/api.w.org\/{rel}","templated":true}]}}