{"id":70868,"date":"2017-06-18T20:09:08","date_gmt":"2017-06-18T23:09:08","guid":{"rendered":"http:\/\/www.locoxelrojo.com\/independiente\/?p=70868"},"modified":"2017-06-21T13:49:42","modified_gmt":"2017-06-21T16:49:42","slug":"h-moyano-cuando-llegue-momento-voy-plantear-lo-los-arbitros","status":"publish","type":"post","link":"https:\/\/www.locoxelrojo.com\/independiente\/2017\/06\/18\/h-moyano-cuando-llegue-momento-voy-plantear-lo-los-arbitros\/","title":{"rendered":"H. Moyano: &#8220;Cuando llegue el momento voy a plantear lo de los \u00e1rbitros&#8221;"},"content":{"rendered":"<p><strong>El presidente de Independiente y vicepresidente segundo de la AFA, Hugo Moyano, habl\u00f3 luego del empate ante Olimpo y cuando fue consultado sobre los malos arbitrajes que le tocaron al Rojo en los \u00faltimos partidos asegur\u00f3 que en un futuro lo va a plantear ante sus pares, aunque no se lo vio muy preocupado.<\/strong><\/p>\n<p><strong>&#8220;Se perdi\u00f3 una chance pero seguimos en carrera. Se viene un partido dif\u00edcil y vamos a jugarlo como corresponde: como un equipo grande y serio, y con la actitud que venimos teniendo, aunque a veces las cosas no salgan&#8221;,<\/strong> expres\u00f3 Moyano sobre el empate ante Olimpo en di\u00e1logo con Rojos de Pasi\u00f3n.<\/p>\n<p>Y luego, el mandam\u00e1s de la instituci\u00f3n habl\u00f3 sobre lo que m\u00e1s molesta a los hinchas \u00faltimamente, el arbitraje. Sin embargo, no parece ser un tema importante para el dirigente: <strong>&#8220;Cuando llegue el momento lo voy a plantear lo de los \u00e1rbitros&#8221;.\u00a0<\/strong><\/p>\n<p>Por \u00faltimo, cuando le consultaron por el juego brusco contra Ezequiel Barco de parte de todos los rivales, Moyano manifest\u00f3: <strong>&#8220;Es al que m\u00e1s le pegan y al primero que amonestan como pas\u00f3 hoy. Es lamentable&#8221;<\/strong>.<\/p>\n<p>&nbsp;<\/p>\n","protected":false},"excerpt":{"rendered":"<p>El presidente de Independiente y vicepresidente segundo de la AFA, Hugo Moyano, habl\u00f3 luego del empate ante Olimpo y cuando fue consultado sobre los malos arbitrajes que le tocaron al Rojo en los \u00faltimos partidos asegur\u00f3 que en un futuro lo va a plantear ante sus pares, aunque no se lo vio muy preocupado. &#8220;Se [&hellip;]<\/p>\n","protected":false},"author":1,"featured_media":69463,"comment_status":"open","ping_status":"closed","sticky":false,"template":"","format":"standard","meta":{"_links_to":"","_links_to_target":""},"categories":[3280,3247],"tags":[153,140],"_links":{"self":[{"href":"https:\/\/www.locoxelrojo.com\/independiente\/wp-json\/wp\/v2\/posts\/70868"}],"collection":[{"href":"https:\/\/www.locoxelrojo.com\/independiente\/wp-json\/wp\/v2\/posts"}],"about":[{"href":"https:\/\/www.locoxelrojo.com\/independiente\/wp-json\/wp\/v2\/types\/post"}],"author":[{"embeddable":true,"href":"https:\/\/www.locoxelrojo.com\/independiente\/wp-json\/wp\/v2\/users\/1"}],"replies":[{"embeddable":true,"href":"https:\/\/www.locoxelrojo.com\/independiente\/wp-json\/wp\/v2\/comments?post=70868"}],"version-history":[{"count":0,"href":"https:\/\/www.locoxelrojo.com\/independiente\/wp-json\/wp\/v2\/posts\/70868\/revisions"}],"wp:featuredmedia":[{"embeddable":true,"href":"https:\/\/www.locoxelrojo.com\/independiente\/wp-json\/wp\/v2\/media\/69463"}],"wp:attachment":[{"href":"https:\/\/www.locoxelrojo.com\/independiente\/wp-json\/wp\/v2\/media?parent=70868"}],"wp:term":[{"taxonomy":"category","embeddable":true,"href":"https:\/\/www.locoxelrojo.com\/independiente\/wp-json\/wp\/v2\/categories?post=70868"},{"taxonomy":"post_tag","embeddable":true,"href":"https:\/\/www.locoxelrojo.com\/independiente\/wp-json\/wp\/v2\/tags?post=70868"}],"curies":[{"name":"wp","href":"https:\/\/api.w.org\/{rel}","templated":true}]}}