{"id":70887,"date":"2017-06-20T20:24:39","date_gmt":"2017-06-20T23:24:39","guid":{"rendered":"http:\/\/www.locoxelrojo.com\/independiente\/?p=70887"},"modified":"2017-06-21T16:07:21","modified_gmt":"2017-06-21T19:07:21","slug":"r-diaz-2007-nos-la-creimos-nos-relajamos-las-ultimas-fechas","status":"publish","type":"post","link":"https:\/\/www.locoxelrojo.com\/independiente\/2017\/06\/20\/r-diaz-2007-nos-la-creimos-nos-relajamos-las-ultimas-fechas\/","title":{"rendered":"R. D\u00edaz: &#8220;En 2007 nos la cre\u00edmos y nos relajamos en las \u00faltimas fechas&#8221;"},"content":{"rendered":"<p><strong>Rodrigo D\u00edaz<\/strong>, quien lleg\u00f3 a Independiente de la mano de Julio Comparada, dialog\u00f3\u00a0con <strong>LocoXelRojo<\/strong>, se refiri\u00f3 a su paso por la instituci\u00f3n y el Torneo Apertura 2007\u00a0que se perdi\u00f3 en las \u00faltimas fechas.<\/p>\n<p>El rengo defendi\u00f3 los colores del m\u00e1s grande de Avellaneda entre el 2006 y\u00a02008,\u00a0meti\u00f3 3 goles en 43 partidos y record\u00f3 su paso por el club.\u00a0<strong>&#8220;Fue un sue\u00f1o hecho realidad poder vestir la camiseta de uno de los m\u00e1s grandes del pa\u00eds, compartiendo plantel con grandes jugadores como lo es Daniel Montenegro&#8221;<\/strong>, se\u00f1al\u00f3.<\/p>\n<p>Cuando se le pregunt\u00f3 por el baj\u00f3n que sufri\u00f3 el equipo de Pedro Troglio en las \u00faltimas fechas, D\u00edaz reconoci\u00f3: <strong>&#8220;El equipo se llevaba bien, (Germ\u00e1n) Denis ven\u00eda embocando todo lo que tocaba y el Rolfi estaba muy bien.\u00a0A\u00a0casi 10 a\u00f1os de ese torneo, mi conclusi\u00f3n es que nos la cre\u00edmos y nos relajamos las \u00faltimas fechas&#8221;<\/strong>.<\/p>\n<p>Al finalizar, el mediocampista que logr\u00f3 el campeonato y ascenso con Deportivo Mor\u00f3n hace unas semanas se refiri\u00f3 a la gente y un deseo futuro. <strong>&#8220;Guardo el cari\u00f1o de los hinchas y ojal\u00e1 que el d\u00eda de ma\u00f1ana tenga la posibilidad de trabajar en la Instituci\u00f3n&#8221;<\/strong>, sentenci\u00f3.<\/p>\n","protected":false},"excerpt":{"rendered":"<p>Rodrigo D\u00edaz, quien lleg\u00f3 a Independiente de la mano de Julio Comparada, dialog\u00f3\u00a0con LocoXelRojo, se refiri\u00f3 a su paso por la instituci\u00f3n y el Torneo Apertura 2007\u00a0que se perdi\u00f3 en las \u00faltimas fechas. El rengo defendi\u00f3 los colores del m\u00e1s grande de Avellaneda entre el 2006 y\u00a02008,\u00a0meti\u00f3 3 goles en 43 partidos y record\u00f3 su [&hellip;]<\/p>\n","protected":false},"author":23,"featured_media":70889,"comment_status":"open","ping_status":"closed","sticky":false,"template":"","format":"standard","meta":{"_links_to":"","_links_to_target":""},"categories":[3280,3247],"tags":[2349],"_links":{"self":[{"href":"https:\/\/www.locoxelrojo.com\/independiente\/wp-json\/wp\/v2\/posts\/70887"}],"collection":[{"href":"https:\/\/www.locoxelrojo.com\/independiente\/wp-json\/wp\/v2\/posts"}],"about":[{"href":"https:\/\/www.locoxelrojo.com\/independiente\/wp-json\/wp\/v2\/types\/post"}],"author":[{"embeddable":true,"href":"https:\/\/www.locoxelrojo.com\/independiente\/wp-json\/wp\/v2\/users\/23"}],"replies":[{"embeddable":true,"href":"https:\/\/www.locoxelrojo.com\/independiente\/wp-json\/wp\/v2\/comments?post=70887"}],"version-history":[{"count":0,"href":"https:\/\/www.locoxelrojo.com\/independiente\/wp-json\/wp\/v2\/posts\/70887\/revisions"}],"wp:featuredmedia":[{"embeddable":true,"href":"https:\/\/www.locoxelrojo.com\/independiente\/wp-json\/wp\/v2\/media\/70889"}],"wp:attachment":[{"href":"https:\/\/www.locoxelrojo.com\/independiente\/wp-json\/wp\/v2\/media?parent=70887"}],"wp:term":[{"taxonomy":"category","embeddable":true,"href":"https:\/\/www.locoxelrojo.com\/independiente\/wp-json\/wp\/v2\/categories?post=70887"},{"taxonomy":"post_tag","embeddable":true,"href":"https:\/\/www.locoxelrojo.com\/independiente\/wp-json\/wp\/v2\/tags?post=70887"}],"curies":[{"name":"wp","href":"https:\/\/api.w.org\/{rel}","templated":true}]}}