{"id":70971,"date":"2017-06-26T13:22:33","date_gmt":"2017-06-26T16:22:33","guid":{"rendered":"http:\/\/www.locoxelrojo.com\/independiente\/?p=70971"},"modified":"2017-06-26T22:01:05","modified_gmt":"2017-06-27T01:01:05","slug":"sperdutti-lo-unico-falta-independiente-le-den-penal","status":"publish","type":"post","link":"https:\/\/www.locoxelrojo.com\/independiente\/2017\/06\/26\/sperdutti-lo-unico-falta-independiente-le-den-penal\/","title":{"rendered":"Sperduti: &#8220;Lo \u00fanico que falta es que a Independiente le den un penal&#8221;"},"content":{"rendered":"<p><strong>Mauricio Sperdutti<\/strong>, volante ofensivo de Banfield, habl\u00f3 con Sportia\u00a0luego de la derrota ante Racing que complic\u00f3 su clasificaci\u00f3n a la Copa Libertadores 2018 y apunt\u00f3 contra Independiente.<\/p>\n<p><strong>&#8220;Es raro que te pasen las cosas que nos pasaron a nosotros habiendo equipos grandes en juego, lo \u00fanico que falta es que a Independiente el den un penal ma\u00f1ana&#8221;<\/strong>, asegur\u00f3\u00a0Sperdutti, a quien le anularon mal un gol cuando el partido estaba 0-0.<\/p>\n<p>Y luego a\u00f1adi\u00f3: <strong>&#8220;Se hace dif\u00edcil cuando los que manejan la AFA son los mismo que pelean por un lugar en la Copa Libertadores. En la primera fecha contra Boca nos anularon mal un gol y ahora, en la \u00faltima, Fernando Rapallini nos rob\u00f3 el partido&#8221;<\/strong>.<\/p>\n<p>Lo m\u00e1s desconcertante de esta declaraci\u00f3n es que los jugadores de Banfield se quejen de los penales cuando <strong>al Taladro le cobraron ocho en un torneo de 30 fechas -de los cuales seis de ellos fueron este a\u00f1o- y a Independiente le dieron tres -dos en 2017-<\/strong>. Encima, algunos fueron dudosos. Como por ejemplo, el segundo que le dieron ante Sarmiento. \u00bfO ya no se acuerdan?<\/p>\n<blockquote class=\"twitter-video\" data-lang=\"es\">\n<p dir=\"ltr\" lang=\"es\">\u00bfQue cobraste, Arga\u00f1araz? El pol\u00e9mico penal de <a href=\"https:\/\/twitter.com\/hashtag\/Banfield?src=hash\">#Banfield<\/a> que perjudic\u00f3 a <a href=\"https:\/\/twitter.com\/hashtag\/Sarmiento?src=hash\">#Sarmiento<\/a>. <a href=\"https:\/\/t.co\/6Tlp5UCg3A\">pic.twitter.com\/6Tlp5UCg3A<\/a><\/p>\n<p>\u2014 La Pelota al 10 (@Lapelota10ok) <a href=\"https:\/\/twitter.com\/Lapelota10ok\/status\/861757499367706629\">9 de mayo de 2017<\/a><\/p><\/blockquote>\n<p><script async src=\"\/\/platform.twitter.com\/widgets.js\" charset=\"utf-8\"><\/script><\/p>\n","protected":false},"excerpt":{"rendered":"<p>Mauricio Sperdutti, volante ofensivo de Banfield, habl\u00f3 con Sportia\u00a0luego de la derrota ante Racing que complic\u00f3 su clasificaci\u00f3n a la Copa Libertadores 2018 y apunt\u00f3 contra Independiente. &#8220;Es raro que te pasen las cosas que nos pasaron a nosotros habiendo equipos grandes en juego, lo \u00fanico que falta es que a Independiente el den un [&hellip;]<\/p>\n","protected":false},"author":19,"featured_media":70972,"comment_status":"open","ping_status":"closed","sticky":false,"template":"","format":"standard","meta":{"_links_to":"","_links_to_target":""},"categories":[3280,3247],"tags":[3504],"_links":{"self":[{"href":"https:\/\/www.locoxelrojo.com\/independiente\/wp-json\/wp\/v2\/posts\/70971"}],"collection":[{"href":"https:\/\/www.locoxelrojo.com\/independiente\/wp-json\/wp\/v2\/posts"}],"about":[{"href":"https:\/\/www.locoxelrojo.com\/independiente\/wp-json\/wp\/v2\/types\/post"}],"author":[{"embeddable":true,"href":"https:\/\/www.locoxelrojo.com\/independiente\/wp-json\/wp\/v2\/users\/19"}],"replies":[{"embeddable":true,"href":"https:\/\/www.locoxelrojo.com\/independiente\/wp-json\/wp\/v2\/comments?post=70971"}],"version-history":[{"count":0,"href":"https:\/\/www.locoxelrojo.com\/independiente\/wp-json\/wp\/v2\/posts\/70971\/revisions"}],"wp:featuredmedia":[{"embeddable":true,"href":"https:\/\/www.locoxelrojo.com\/independiente\/wp-json\/wp\/v2\/media\/70972"}],"wp:attachment":[{"href":"https:\/\/www.locoxelrojo.com\/independiente\/wp-json\/wp\/v2\/media?parent=70971"}],"wp:term":[{"taxonomy":"category","embeddable":true,"href":"https:\/\/www.locoxelrojo.com\/independiente\/wp-json\/wp\/v2\/categories?post=70971"},{"taxonomy":"post_tag","embeddable":true,"href":"https:\/\/www.locoxelrojo.com\/independiente\/wp-json\/wp\/v2\/tags?post=70971"}],"curies":[{"name":"wp","href":"https:\/\/api.w.org\/{rel}","templated":true}]}}