{"id":7099,"date":"2011-04-22T16:13:24","date_gmt":"2011-04-22T19:13:24","guid":{"rendered":"http:\/\/www.locoxelrojo.com.ar\/independiente\/?p=7099"},"modified":"2015-09-10T03:30:56","modified_gmt":"2015-09-10T06:30:56","slug":"hay-villafanez-por-3-anos-mas","status":"publish","type":"post","link":"https:\/\/www.locoxelrojo.com\/independiente\/2011\/04\/22\/hay-villafanez-por-3-anos-mas\/","title":{"rendered":"Hay Villaf\u00e1\u00f1ez por tres a\u00f1os m\u00e1s"},"content":{"rendered":"<p><a href=\"http:\/\/www.locoxelrojo.com.ar\/independiente\/wp-content\/uploads\/2011\/04\/villafanez.jpg\"><img loading=\"lazy\" class=\"alignnone size-full wp-image-7100\" title=\"villafanez\" src=\"http:\/\/www.locoxelrojo.com.ar\/independiente\/wp-content\/uploads\/2011\/04\/villafanez.jpg\" alt=\"\" width=\"590\" height=\"315\" srcset=\"https:\/\/locoxelrojo.com\/independiente\/wp-content\/uploads\/2011\/04\/villafanez.jpg 590w, https:\/\/locoxelrojo.com\/independiente\/wp-content\/uploads\/2011\/04\/villafanez-300x160.jpg 300w\" sizes=\"(max-width: 590px) 100vw, 590px\" \/><\/a><\/p>\n<p>Se acerca el final de temporada e Independiente tiene que comenzar a definir el futuro de varios jugadores que se les termina el v\u00ednculo. Uno de ellos es Lucas Villafa\u00f1ez quien va a continuar por 3 a\u00f1os m\u00e1s en el club.<\/p>\n<p>Seg\u00fan confirm\u00f3 el medio partidario <strong>De la Cuna al Infierno un grupo inversor compr\u00f3 el 50% del pase para dejarlo 3 a\u00f1os m\u00e1s en Independiente.<\/strong><\/p>\n<p>Recordemos que Lucas lleg\u00f3 de la CAI a pr\u00e9stamo con una opci\u00f3n de compra de 650 mil d\u00f3lares por el 50% del pase. Tuvo una lesi\u00f3n que lo margino un tiempo de las canchas y reci\u00e9n en estos \u00faltimos partidos de la era Mohamed el juvenil empez\u00f3 a estar en consideraci\u00f3n y mostr\u00f3 condiciones m\u00e1s que interesantes.<\/p>\n<p>Desde el club le aseguraron a <strong>De la Cuna al Infierno que la opci\u00f3n de compra fue mucho menor, pero poco se sabe de este grupo inversor y del monto de compra. Lo que si se sabe es que hay Villafa\u00f1ez por un tiempo m\u00e1s en el Rojo.<\/strong><\/p>\n","protected":false},"excerpt":{"rendered":"<p>Se acerca el final de temporada e Independiente tiene que comenzar a definir el futuro de varios jugadores que se les termina el v\u00ednculo. Uno de ellos es Lucas Villafa\u00f1ez quien va a continuar por 3 a\u00f1os m\u00e1s en el club. Seg\u00fan confirm\u00f3 el medio partidario De la Cuna al Infierno un grupo inversor compr\u00f3 [&hellip;]<\/p>\n","protected":false},"author":1,"featured_media":0,"comment_status":"open","ping_status":"open","sticky":false,"template":"","format":"standard","meta":{"_links_to":"","_links_to_target":""},"categories":[3,1],"tags":[153,681,61],"_links":{"self":[{"href":"https:\/\/www.locoxelrojo.com\/independiente\/wp-json\/wp\/v2\/posts\/7099"}],"collection":[{"href":"https:\/\/www.locoxelrojo.com\/independiente\/wp-json\/wp\/v2\/posts"}],"about":[{"href":"https:\/\/www.locoxelrojo.com\/independiente\/wp-json\/wp\/v2\/types\/post"}],"author":[{"embeddable":true,"href":"https:\/\/www.locoxelrojo.com\/independiente\/wp-json\/wp\/v2\/users\/1"}],"replies":[{"embeddable":true,"href":"https:\/\/www.locoxelrojo.com\/independiente\/wp-json\/wp\/v2\/comments?post=7099"}],"version-history":[{"count":0,"href":"https:\/\/www.locoxelrojo.com\/independiente\/wp-json\/wp\/v2\/posts\/7099\/revisions"}],"wp:attachment":[{"href":"https:\/\/www.locoxelrojo.com\/independiente\/wp-json\/wp\/v2\/media?parent=7099"}],"wp:term":[{"taxonomy":"category","embeddable":true,"href":"https:\/\/www.locoxelrojo.com\/independiente\/wp-json\/wp\/v2\/categories?post=7099"},{"taxonomy":"post_tag","embeddable":true,"href":"https:\/\/www.locoxelrojo.com\/independiente\/wp-json\/wp\/v2\/tags?post=7099"}],"curies":[{"name":"wp","href":"https:\/\/api.w.org\/{rel}","templated":true}]}}