{"id":71057,"date":"2017-06-29T20:12:47","date_gmt":"2017-06-29T23:12:47","guid":{"rendered":"http:\/\/www.locoxelrojo.com\/independiente\/?p=71057"},"modified":"2017-06-29T20:45:15","modified_gmt":"2017-06-29T23:45:15","slug":"jonas-se-despidio-del-halcon-lo-esperan-avellaneda","status":"publish","type":"post","link":"https:\/\/www.locoxelrojo.com\/independiente\/2017\/06\/29\/jonas-se-despidio-del-halcon-lo-esperan-avellaneda\/","title":{"rendered":"Jon\u00e1s se despidi\u00f3 del Halc\u00f3n y lo esperan en Avellaneda"},"content":{"rendered":"<p><strong>Jon\u00e1s Guti\u00e9rrez se despidi\u00f3 de Defensa y Justicia con un emotivo mensaje y prepara su llegada a Independiente.<\/strong><\/p>\n<p>A trav\u00e9s de su <a href=\"https:\/\/www.instagram.com\/galgojonas\/\">cuenta de Instagram<\/a>, el Galgo<strong>\u00a0expres\u00f3 su agradecimiento a la dirigencia, el cuerpo t\u00e9cnico, el plantel y los hinchas del Halc\u00f3n<\/strong>, club que lo recibi\u00f3 a mediados de 2016 tras su salida del Newcastle ingl\u00e9s.<\/p>\n<p>En\u00a0el Rojo esperan que el volante\u00a0<strong>se realice la revisi\u00f3n m\u00e9dica en los pr\u00f3ximos d\u00edas para luego firmar su contrato<\/strong>\u00a0y convertirse en el primer refuerzo para Ariel Holan en este mercado de pases.<\/p>\n<p>El mensaje de Jon\u00e1s Guti\u00e9rrez para despedirse de Defensa y Justicia:<\/p>\n<blockquote class=\"instagram-media\" style=\"background: #FFF; border: 0; border-radius: 3px; box-shadow: 0 0 1px 0 rgba(0,0,0,0.5),0 1px 10px 0 rgba(0,0,0,0.15); margin: 1px; max-width: 658px; padding: 0; width: calc(100% - 2px);\" data-instgrm-captioned=\"\" data-instgrm-version=\"7\">\n<div style=\"padding: 8px;\">\n<div style=\"background: #F8F8F8; line-height: 0; margin-top: 40px; padding: 50.0% 0; text-align: center; width: 100%;\"><\/div>\n<p style=\"margin: 8px 0 0 0; padding: 0 4px;\"><a style=\"color: #000; font-family: Arial,sans-serif; font-size: 14px; font-style: normal; font-weight: normal; line-height: 17px; text-decoration: none; word-wrap: break-word;\" href=\"https:\/\/www.instagram.com\/p\/BV7SZN9jwVh\/\" target=\"_blank\">Los puntos no pueden unirse hacia adelante solo pueden unirse hacia atr\u00e1s &#8230; Solo pod\u00eda empezar esto con esa frase de Steve jobs. Pienso que cuando te cierran una puerta se abre otra, eso determin\u00f3 mi llegada a defensa y me encontr\u00e9 con una instituci\u00f3n con muchos valores, ganas de crecer y humildad. Fue una temporada incre\u00edble y no quer\u00eda terminar sin dejarles unas palabras por lo agradecido que estoy a este gran club. Gracias a todos, siempre los llevar\u00e9 en mi coraz\u00f3n, gracias por hacerme vivir un a\u00f1o fant\u00e1stico. \u00c9xitos tambi\u00e9n para cada uno de los jugadores que integraron ese plantel y me recibieron de la mejor manera desde el primer d\u00eda. Al cuerpo t\u00e9cnico de Sebasti\u00e1n por el d\u00eda a d\u00eda , por la dedicacion con la que hacen su trabajo y las grandes personas que son. A cada uno de los empleados del club desde los dirigentes hasta el que hace la tarea m\u00e1s sencilla pero que tambi\u00e9n la hace con gran amor por el club. Y a los m\u00e1s importantes los hinchas del club que si no fuera por ellos este deporte no ser\u00eda tan mravilloso, por dejar todo por ir alentarnos, por el sacrificio de ese viaje a Brasil, por las l\u00e1grimas de esa clasificaci\u00f3n GRACIAS DE CORAZ\u00d3N #DEFENSAYJUSTICIA Los quiero y siempre voy a estar haciendo fuerza para que el club siga avanzando.<\/a><\/p>\n<p style=\"color: #c9c8cd; font-family: Arial,sans-serif; font-size: 14px; line-height: 17px; margin-bottom: 0; margin-top: 8px; overflow: hidden; padding: 8px 0 7px; text-align: center; text-overflow: ellipsis; white-space: nowrap;\">Una publicaci\u00f3n compartida de Jonas Gutierrez (@galgojonas) el <time style=\"font-family: Arial,sans-serif; font-size: 14px; line-height: 17px;\" datetime=\"2017-06-29T14:11:27+00:00\">29 de Jun de 2017 a la(s) 7:11 PDT<\/time><\/p>\n<\/div>\n<\/blockquote>\n<p><script async defer src=\"\/\/platform.instagram.com\/en_US\/embeds.js\"><\/script><\/p>\n","protected":false},"excerpt":{"rendered":"<p>Jon\u00e1s Guti\u00e9rrez se despidi\u00f3 de Defensa y Justicia con un emotivo mensaje y prepara su llegada a Independiente. A trav\u00e9s de su cuenta de Instagram, el Galgo\u00a0expres\u00f3 su agradecimiento a la dirigencia, el cuerpo t\u00e9cnico, el plantel y los hinchas del Halc\u00f3n, club que lo recibi\u00f3 a mediados de 2016 tras su salida del Newcastle [&hellip;]<\/p>\n","protected":false},"author":8,"featured_media":71059,"comment_status":"open","ping_status":"closed","sticky":false,"template":"","format":"standard","meta":{"_links_to":"","_links_to_target":""},"categories":[3247,3363],"tags":[896,3440,3503],"_links":{"self":[{"href":"https:\/\/www.locoxelrojo.com\/independiente\/wp-json\/wp\/v2\/posts\/71057"}],"collection":[{"href":"https:\/\/www.locoxelrojo.com\/independiente\/wp-json\/wp\/v2\/posts"}],"about":[{"href":"https:\/\/www.locoxelrojo.com\/independiente\/wp-json\/wp\/v2\/types\/post"}],"author":[{"embeddable":true,"href":"https:\/\/www.locoxelrojo.com\/independiente\/wp-json\/wp\/v2\/users\/8"}],"replies":[{"embeddable":true,"href":"https:\/\/www.locoxelrojo.com\/independiente\/wp-json\/wp\/v2\/comments?post=71057"}],"version-history":[{"count":0,"href":"https:\/\/www.locoxelrojo.com\/independiente\/wp-json\/wp\/v2\/posts\/71057\/revisions"}],"wp:featuredmedia":[{"embeddable":true,"href":"https:\/\/www.locoxelrojo.com\/independiente\/wp-json\/wp\/v2\/media\/71059"}],"wp:attachment":[{"href":"https:\/\/www.locoxelrojo.com\/independiente\/wp-json\/wp\/v2\/media?parent=71057"}],"wp:term":[{"taxonomy":"category","embeddable":true,"href":"https:\/\/www.locoxelrojo.com\/independiente\/wp-json\/wp\/v2\/categories?post=71057"},{"taxonomy":"post_tag","embeddable":true,"href":"https:\/\/www.locoxelrojo.com\/independiente\/wp-json\/wp\/v2\/tags?post=71057"}],"curies":[{"name":"wp","href":"https:\/\/api.w.org\/{rel}","templated":true}]}}