{"id":71072,"date":"2017-06-30T18:30:39","date_gmt":"2017-06-30T21:30:39","guid":{"rendered":"http:\/\/www.locoxelrojo.com\/independiente\/?p=71072"},"modified":"2017-07-01T09:45:40","modified_gmt":"2017-07-01T12:45:40","slug":"prestados-rojos-polifuncional-temperley-seguira-cerca-holan","status":"publish","type":"post","link":"https:\/\/www.locoxelrojo.com\/independiente\/2017\/06\/30\/prestados-rojos-polifuncional-temperley-seguira-cerca-holan\/","title":{"rendered":"Prestados Rojos: el polifuncional de Temperley que seguir\u00e1 de cerca Holan"},"content":{"rendered":"<p><strong>Alexis Z\u00e1rate<\/strong> se fue de Avellaneda a principios del a\u00f1o pasado y en estos d\u00edas tiene que volver para sumarse al plantel actual. Con un presente muy bueno, <strong>ser\u00eda el \u00fanico tenido en cuenta por Ariel Holan de los que retornan<\/strong>.<\/p>\n<p>El Gasolero mantuvo la categor\u00eda y el cordob\u00e9s fue uno de los grandes responsables. <strong>Estuvo presente en 25 encuentros -24 de t\u00edtular-<\/strong> y sum\u00f3 un partido desde el arranque en la Copa Argentina. <strong>Meti\u00f3 dos\u00a0goles<\/strong> (Hurac\u00e1n y Temperley) y vio cinco amarillas. Lo m\u00e1s llamativo es las diversas posiciones en donde lo ubic\u00f3 Gustavo \u00c1lvarez: <strong>fue volante central, tambi\u00e9n por derecha, estuvo en la zaga central y por ambos laterales en la defensa<\/strong>.<\/p>\n<p>Desde Avellaneda, afirman que es el \u00fanico de los que <strong>ser\u00e1 tenido en cuenta por Ariel Holan para su plantel de cara a la pr\u00f3xima temporada. El pr\u00f3ximo lunes se tiene que presentar con el resto del plantel profesional<\/strong>.<\/p>\n","protected":false},"excerpt":{"rendered":"<p>Alexis Z\u00e1rate se fue de Avellaneda a principios del a\u00f1o pasado y en estos d\u00edas tiene que volver para sumarse al plantel actual. Con un presente muy bueno, ser\u00eda el \u00fanico tenido en cuenta por Ariel Holan de los que retornan. El Gasolero mantuvo la categor\u00eda y el cordob\u00e9s fue uno de los grandes responsables. [&hellip;]<\/p>\n","protected":false},"author":16,"featured_media":70469,"comment_status":"open","ping_status":"closed","sticky":false,"template":"","format":"standard","meta":{"_links_to":"","_links_to_target":""},"categories":[3297,3247],"tags":[92,3298,1666],"_links":{"self":[{"href":"https:\/\/www.locoxelrojo.com\/independiente\/wp-json\/wp\/v2\/posts\/71072"}],"collection":[{"href":"https:\/\/www.locoxelrojo.com\/independiente\/wp-json\/wp\/v2\/posts"}],"about":[{"href":"https:\/\/www.locoxelrojo.com\/independiente\/wp-json\/wp\/v2\/types\/post"}],"author":[{"embeddable":true,"href":"https:\/\/www.locoxelrojo.com\/independiente\/wp-json\/wp\/v2\/users\/16"}],"replies":[{"embeddable":true,"href":"https:\/\/www.locoxelrojo.com\/independiente\/wp-json\/wp\/v2\/comments?post=71072"}],"version-history":[{"count":0,"href":"https:\/\/www.locoxelrojo.com\/independiente\/wp-json\/wp\/v2\/posts\/71072\/revisions"}],"wp:featuredmedia":[{"embeddable":true,"href":"https:\/\/www.locoxelrojo.com\/independiente\/wp-json\/wp\/v2\/media\/70469"}],"wp:attachment":[{"href":"https:\/\/www.locoxelrojo.com\/independiente\/wp-json\/wp\/v2\/media?parent=71072"}],"wp:term":[{"taxonomy":"category","embeddable":true,"href":"https:\/\/www.locoxelrojo.com\/independiente\/wp-json\/wp\/v2\/categories?post=71072"},{"taxonomy":"post_tag","embeddable":true,"href":"https:\/\/www.locoxelrojo.com\/independiente\/wp-json\/wp\/v2\/tags?post=71072"}],"curies":[{"name":"wp","href":"https:\/\/api.w.org\/{rel}","templated":true}]}}