{"id":71157,"date":"2017-07-06T15:33:16","date_gmt":"2017-07-06T18:33:16","guid":{"rendered":"http:\/\/www.locoxelrojo.com\/independiente\/?p=71157"},"modified":"2017-07-06T15:43:14","modified_gmt":"2017-07-06T18:43:14","slug":"sanchez-mino-siento-progrese-muchisimo-desde-llegue-independiente","status":"publish","type":"post","link":"https:\/\/www.locoxelrojo.com\/independiente\/2017\/07\/06\/sanchez-mino-siento-progrese-muchisimo-desde-llegue-independiente\/","title":{"rendered":"S\u00e1nchez Mi\u00f1o: &#8220;Siento que progres\u00e9 much\u00edsimo desde que llegu\u00e9 a Independiente&#8221;"},"content":{"rendered":"<p><strong>Juan S\u00e1nchez Mi\u00f1o opin\u00f3 que est\u00e1 en su mejor momento desde que lleg\u00f3 al Club<\/strong>. En di\u00e1logo con ESPN FC, habl\u00f3 sobre la frustraci\u00f3n por no entrar a la Copa Libertadores y de lo que viene para el Rojo.<\/p>\n<p><strong>&#8220;Estamos en un buen momento como equipo y eso hace que aumente el nivel individual. Siento que progres\u00e9 much\u00edsimo desde que llegu\u00e9 a Independiente. Ya soy en un 100% lateral izquierdo&#8221;<\/strong>, comenz\u00f3 el ex Boca, y agreg\u00f3: <strong>&#8220;Me siento protagonista en el equipo y eso me hace sentir muy bien&#8221;<\/strong>.<\/p>\n<p>Por otro lado, recordando el torneo pasado y la \u00faltima fecha de local, expres\u00f3: <strong>&#8220;Se form\u00f3 un grupo muy lindo con un ideal claro y con un objetivo espec\u00edfico. Despu\u00e9s de Lan\u00fas me hice muchas preguntas, pero no podes cambiar nada. Dese\u00e1bamos entrar en la Libertadores. pero no hay que bajar los brazos&#8221;<\/strong>. Y entendi\u00f3 que todo lo hecho en el anterior semestre, ayuda en lo an\u00edmico para continuar peleando por cosas grandes: <strong>&#8220;Hicimos una gran campa\u00f1a y podemos hacer mucho m\u00e1s. Eso nos incentiva a seguir&#8221;<\/strong>.<\/p>\n<p>Por \u00faltimo, mencion\u00f3 la intenci\u00f3n que pregonan constantemente Ariel Holan y sus ayudantes. <strong>&#8220;Lo que \u00e9ste cuerpo t\u00e9cnico quiere lograr es volver a las bases de Independiente. Estamos todos unidos y ah\u00ed incluyo plantel, cuerpo t\u00e9cnico y referentes hist\u00f3ricos como Ricardo Bochini o Ricardo Pavoni. Un marco ideal&#8221;<\/strong>, cerr\u00f3.<\/p>\n","protected":false},"excerpt":{"rendered":"<p>Juan S\u00e1nchez Mi\u00f1o opin\u00f3 que est\u00e1 en su mejor momento desde que lleg\u00f3 al Club. En di\u00e1logo con ESPN FC, habl\u00f3 sobre la frustraci\u00f3n por no entrar a la Copa Libertadores y de lo que viene para el Rojo. &#8220;Estamos en un buen momento como equipo y eso hace que aumente el nivel individual. Siento [&hellip;]<\/p>\n","protected":false},"author":16,"featured_media":70460,"comment_status":"open","ping_status":"closed","sticky":false,"template":"","format":"standard","meta":{"_links_to":"","_links_to_target":""},"categories":[3247,3],"tags":[3190],"_links":{"self":[{"href":"https:\/\/www.locoxelrojo.com\/independiente\/wp-json\/wp\/v2\/posts\/71157"}],"collection":[{"href":"https:\/\/www.locoxelrojo.com\/independiente\/wp-json\/wp\/v2\/posts"}],"about":[{"href":"https:\/\/www.locoxelrojo.com\/independiente\/wp-json\/wp\/v2\/types\/post"}],"author":[{"embeddable":true,"href":"https:\/\/www.locoxelrojo.com\/independiente\/wp-json\/wp\/v2\/users\/16"}],"replies":[{"embeddable":true,"href":"https:\/\/www.locoxelrojo.com\/independiente\/wp-json\/wp\/v2\/comments?post=71157"}],"version-history":[{"count":0,"href":"https:\/\/www.locoxelrojo.com\/independiente\/wp-json\/wp\/v2\/posts\/71157\/revisions"}],"wp:featuredmedia":[{"embeddable":true,"href":"https:\/\/www.locoxelrojo.com\/independiente\/wp-json\/wp\/v2\/media\/70460"}],"wp:attachment":[{"href":"https:\/\/www.locoxelrojo.com\/independiente\/wp-json\/wp\/v2\/media?parent=71157"}],"wp:term":[{"taxonomy":"category","embeddable":true,"href":"https:\/\/www.locoxelrojo.com\/independiente\/wp-json\/wp\/v2\/categories?post=71157"},{"taxonomy":"post_tag","embeddable":true,"href":"https:\/\/www.locoxelrojo.com\/independiente\/wp-json\/wp\/v2\/tags?post=71157"}],"curies":[{"name":"wp","href":"https:\/\/api.w.org\/{rel}","templated":true}]}}