{"id":71184,"date":"2017-07-09T10:55:12","date_gmt":"2017-07-09T13:55:12","guid":{"rendered":"http:\/\/www.locoxelrojo.com\/independiente\/?p=71184"},"modified":"2017-07-08T23:31:04","modified_gmt":"2017-07-09T02:31:04","slug":"los5-mejores-puntajes-rojos-del-torneo","status":"publish","type":"post","link":"https:\/\/www.locoxelrojo.com\/independiente\/2017\/07\/09\/los5-mejores-puntajes-rojos-del-torneo\/","title":{"rendered":"#Los5 mejores Puntajes Rojos del torneo"},"content":{"rendered":"<h3>Juan S\u00e1nchez Mi\u00f1o: 5.52<\/h3>\n<p><a href=\"https:\/\/www.locoxelrojo.com\/independiente\/sanchez-mino-cai-vs-dyj\/\"><img loading=\"lazy\" class=\"alignnone size-full wp-image-70801\" src=\"https:\/\/www.locoxelrojo.com\/independiente\/wp-content\/uploads\/2017\/06\/Sanchez-Mi\u00f1o-CAI-vs-DYJ.jpg\" alt=\"Sanchez Mi\u00f1o CAI vs DYJ\" width=\"741\" height=\"486\" srcset=\"https:\/\/locoxelrojo.com\/independiente\/wp-content\/uploads\/2017\/06\/Sanchez-Mi\u00f1o-CAI-vs-DYJ.jpg 741w, https:\/\/locoxelrojo.com\/independiente\/wp-content\/uploads\/2017\/06\/Sanchez-Mi\u00f1o-CAI-vs-DYJ-300x197.jpg 300w, https:\/\/locoxelrojo.com\/independiente\/wp-content\/uploads\/2017\/06\/Sanchez-Mi\u00f1o-CAI-vs-DYJ-696x456.jpg 696w, https:\/\/locoxelrojo.com\/independiente\/wp-content\/uploads\/2017\/06\/Sanchez-Mi\u00f1o-CAI-vs-DYJ-640x420.jpg 640w\" sizes=\"(max-width: 741px) 100vw, 741px\" \/><\/a><\/p>\n<p>Lleg\u00f3 a Independiente de la mano de Gabriel Milito. No comenz\u00f3 con el pie derecho y fue uno de los m\u00e1s criticados por el hincha tras la eliminaci\u00f3n de la Copa Sudamericana con Chapecoense. Sin embargo, logr\u00f3 revertir ese mal momento y se gan\u00f3 la titularidad en la era de Ariel Holan ocupando el lateral izquierdo. Sus partidos m\u00e1s destacados fueron con Arsenal, Racing y Defensa y Justicia. En el torneo disput\u00f3 23 encuentros y convirti\u00f3 un gol.<\/p>\n<h3>Ezequiel Barco: 5.98<\/h3>\n<p><a href=\"https:\/\/www.locoxelrojo.com\/independiente\/2017\/05\/03\/barco-no-ira-al-mundial-sub-20\/barco-estudiantes\/\" rel=\"attachment wp-att-70027\"><img loading=\"lazy\" class=\"alignnone size-full wp-image-70027\" src=\"https:\/\/www.locoxelrojo.com\/independiente\/wp-content\/uploads\/2017\/05\/barco-estudiantes.jpg\" alt=\"barco-estudiantes\" width=\"741\" height=\"486\" srcset=\"https:\/\/locoxelrojo.com\/independiente\/wp-content\/uploads\/2017\/05\/barco-estudiantes.jpg 741w, https:\/\/locoxelrojo.com\/independiente\/wp-content\/uploads\/2017\/05\/barco-estudiantes-300x197.jpg 300w, https:\/\/locoxelrojo.com\/independiente\/wp-content\/uploads\/2017\/05\/barco-estudiantes-696x456.jpg 696w, https:\/\/locoxelrojo.com\/independiente\/wp-content\/uploads\/2017\/05\/barco-estudiantes-640x420.jpg 640w\" sizes=\"(max-width: 741px) 100vw, 741px\" \/><\/a><\/p>\n<p>Gabriel Milito fue quien le dio la confianza para debutar en Primera Divisi\u00f3n. Y desde el primer partido mostr\u00f3 que tiene condiciones de sobra para estar entre los once titulares. Ariel Holan logr\u00f3 explotarlo y le encontr\u00f3 su puesto. Tuvo la desgracia de errar el penal que dej\u00f3 a Independiente afuera de la clasificaci\u00f3n de la Copa Libertadores, pero con apenas 18 a\u00f1os tiene un futuro enorme por delante para su revancha personal. Sus partidos m\u00e1s destacados fueron ante Patronato, Estudiantes, Hurac\u00e1n y Uni\u00f3n. En total jug\u00f3 los 30 encuentros del torneo y convirti\u00f3 4 goles.<\/p>\n<h3>Nicol\u00e1s Tagliafico: 6.12<\/h3>\n<p><a href=\"https:\/\/www.locoxelrojo.com\/independiente\/2017\/03\/22\/tagliafico-se-tendria-haber-jugado-obligadamente\/nicolas-tagliafico-cai-vs-smsj\/\" rel=\"attachment wp-att-69370\"><img loading=\"lazy\" class=\"alignnone size-full wp-image-69370\" src=\"https:\/\/www.locoxelrojo.com\/independiente\/wp-content\/uploads\/2017\/03\/Nicolas-Tagliafico-CAI-vs-SMSJ.jpg\" alt=\"Nicolas Tagliafico CAI vs SMSJ\" width=\"741\" height=\"486\" srcset=\"https:\/\/locoxelrojo.com\/independiente\/wp-content\/uploads\/2017\/03\/Nicolas-Tagliafico-CAI-vs-SMSJ.jpg 741w, https:\/\/locoxelrojo.com\/independiente\/wp-content\/uploads\/2017\/03\/Nicolas-Tagliafico-CAI-vs-SMSJ-300x197.jpg 300w, https:\/\/locoxelrojo.com\/independiente\/wp-content\/uploads\/2017\/03\/Nicolas-Tagliafico-CAI-vs-SMSJ-696x456.jpg 696w, https:\/\/locoxelrojo.com\/independiente\/wp-content\/uploads\/2017\/03\/Nicolas-Tagliafico-CAI-vs-SMSJ-640x420.jpg 640w\" sizes=\"(max-width: 741px) 100vw, 741px\" \/><\/a><\/p>\n<p>Comenz\u00f3 la temporada jugando de lateral izquierdo, su posici\u00f3n habitual. Durante la era de Gabriel Milito tuvo un rendimiento irregular, aunque con muy poco le alcanz\u00f3 para ser uno de los m\u00e1s destacados por su enorme entrega. Ya con la llegada de Ariel Holan y la salida de varios jugadores importantes se transform\u00f3 en capit\u00e1n y referente del equipo. Luego, con el correr de los partidos se corri\u00f3 a marcador central, donde mostr\u00f3 alt\u00edsimos rendimientos. Gracias a su buena temporada se gan\u00f3 la citaci\u00f3n a la Selecci\u00f3n de Sampaoli. Sus partidos m\u00e1s destacados fueron con Newell&#8217;s, Racing, Hurac\u00e1n y Defensa y Justicia. En total jug\u00f3 29 de los 30 encuentros del torneo.<\/p>\n<h3>Mart\u00edn Campa\u00f1a: 6:25<\/h3>\n<p><a href=\"https:\/\/www.locoxelrojo.com\/independiente\/2017\/05\/25\/campana-le-podemos-ganar-pelear-final\/martin-campana-10\/\" rel=\"attachment wp-att-70473\"><img loading=\"lazy\" class=\"alignnone size-full wp-image-70473\" src=\"https:\/\/www.locoxelrojo.com\/independiente\/wp-content\/uploads\/2017\/05\/Martin-Campa\u00f1a-1.jpg\" alt=\"Martin Campa\u00f1a\" width=\"741\" height=\"486\" srcset=\"https:\/\/locoxelrojo.com\/independiente\/wp-content\/uploads\/2017\/05\/Martin-Campa\u00f1a-1.jpg 741w, https:\/\/locoxelrojo.com\/independiente\/wp-content\/uploads\/2017\/05\/Martin-Campa\u00f1a-1-300x197.jpg 300w, https:\/\/locoxelrojo.com\/independiente\/wp-content\/uploads\/2017\/05\/Martin-Campa\u00f1a-1-696x456.jpg 696w, https:\/\/locoxelrojo.com\/independiente\/wp-content\/uploads\/2017\/05\/Martin-Campa\u00f1a-1-640x420.jpg 640w\" sizes=\"(max-width: 741px) 100vw, 741px\" \/><\/a><\/p>\n<p>Con la salida definitiva de Diego Rodr\u00edguez se qued\u00f3 con el arco de Independiente. Fue la base de la columna vertebral y mantuvo la vaya invicta en 15 partidos del campeonato. Durante la era de Gabriel Milito fue determinante, ya que el equipo tuvo poco gol y le convirtieron menos. Con Ariel Holan termin\u00f3 de afianzarse y, al igual que Nicol\u00e1s Tagliafico, se convirti\u00f3 en referente de un plantel muy joven. Tuvo un rendimiento parejo, pero sus partidos m\u00e1s destacados fueron con Temperley, Col\u00f3n, Patronato y Hurac\u00e1n. En total disput\u00f3 29 encuentros del torneo.<\/p>\n<h3>Fabricio Bustos: 6:55<\/h3>\n<p><a href=\"https:\/\/www.locoxelrojo.com\/independiente\/2017\/05\/07\/ficha-del-partido-vs-newells-7\/fabricio-bustos-gol\/\" rel=\"attachment wp-att-70085\"><img loading=\"lazy\" class=\"alignnone size-full wp-image-70085\" src=\"https:\/\/www.locoxelrojo.com\/independiente\/wp-content\/uploads\/2017\/05\/Fabricio-Bustos-Gol.jpg\" alt=\"Fabricio-Bustos-Gol\" width=\"741\" height=\"486\" srcset=\"https:\/\/locoxelrojo.com\/independiente\/wp-content\/uploads\/2017\/05\/Fabricio-Bustos-Gol.jpg 741w, https:\/\/locoxelrojo.com\/independiente\/wp-content\/uploads\/2017\/05\/Fabricio-Bustos-Gol-300x197.jpg 300w, https:\/\/locoxelrojo.com\/independiente\/wp-content\/uploads\/2017\/05\/Fabricio-Bustos-Gol-696x456.jpg 696w, https:\/\/locoxelrojo.com\/independiente\/wp-content\/uploads\/2017\/05\/Fabricio-Bustos-Gol-640x420.jpg 640w\" sizes=\"(max-width: 741px) 100vw, 741px\" \/><\/a><\/p>\n<p>Debut\u00f3 de la mano de Gabriel Milito con River y desde ese momento estuvo presente en todos los partidos del torneo. Fue una de las revelaciones y se adue\u00f1\u00f3 por completo del carril derecho del equipo. Bajo el mandato de Ariel Holan tuvo rendimientos muy altos y el mundo del f\u00fatbol no tardo en compararlo con el alem\u00e1n Philipp Lahm. Con 21 a\u00f1os tiene un futuro enorme por delante y apenas 19 partidos y un gol le alcanzaron para llevarse el premio del mejor jugador de Independiente del torneo, seg\u00fan LocoXelRojo. Sus encuentros m\u00e1s destacados fueron ante Newell&#8217;s, Racing, Hurac\u00e1n y Olimpo.<\/p>\n","protected":false},"excerpt":{"rendered":"<p>Juan S\u00e1nchez Mi\u00f1o: 5.52 Lleg\u00f3 a Independiente de la mano de Gabriel Milito. No comenz\u00f3 con el pie derecho y fue uno de los m\u00e1s criticados por el hincha tras la eliminaci\u00f3n de la Copa Sudamericana con Chapecoense. Sin embargo, logr\u00f3 revertir ese mal momento y se gan\u00f3 la titularidad en la era de Ariel [&hellip;]<\/p>\n","protected":false},"author":1,"featured_media":71027,"comment_status":"open","ping_status":"closed","sticky":false,"template":"","format":"standard","meta":{"_links_to":"","_links_to_target":""},"categories":[3422,3247],"tags":[3215,1027,3190,3430,3126,1600],"_links":{"self":[{"href":"https:\/\/www.locoxelrojo.com\/independiente\/wp-json\/wp\/v2\/posts\/71184"}],"collection":[{"href":"https:\/\/www.locoxelrojo.com\/independiente\/wp-json\/wp\/v2\/posts"}],"about":[{"href":"https:\/\/www.locoxelrojo.com\/independiente\/wp-json\/wp\/v2\/types\/post"}],"author":[{"embeddable":true,"href":"https:\/\/www.locoxelrojo.com\/independiente\/wp-json\/wp\/v2\/users\/1"}],"replies":[{"embeddable":true,"href":"https:\/\/www.locoxelrojo.com\/independiente\/wp-json\/wp\/v2\/comments?post=71184"}],"version-history":[{"count":0,"href":"https:\/\/www.locoxelrojo.com\/independiente\/wp-json\/wp\/v2\/posts\/71184\/revisions"}],"wp:featuredmedia":[{"embeddable":true,"href":"https:\/\/www.locoxelrojo.com\/independiente\/wp-json\/wp\/v2\/media\/71027"}],"wp:attachment":[{"href":"https:\/\/www.locoxelrojo.com\/independiente\/wp-json\/wp\/v2\/media?parent=71184"}],"wp:term":[{"taxonomy":"category","embeddable":true,"href":"https:\/\/www.locoxelrojo.com\/independiente\/wp-json\/wp\/v2\/categories?post=71184"},{"taxonomy":"post_tag","embeddable":true,"href":"https:\/\/www.locoxelrojo.com\/independiente\/wp-json\/wp\/v2\/tags?post=71184"}],"curies":[{"name":"wp","href":"https:\/\/api.w.org\/{rel}","templated":true}]}}