{"id":71268,"date":"2017-07-12T23:00:08","date_gmt":"2017-07-13T02:00:08","guid":{"rendered":"http:\/\/www.locoxelrojo.com\/independiente\/?p=71268"},"modified":"2017-07-30T18:38:03","modified_gmt":"2017-07-30T21:38:03","slug":"ficha-del-partido-vs-deportes-iquique","status":"publish","type":"post","link":"https:\/\/www.locoxelrojo.com\/independiente\/2017\/07\/12\/ficha-del-partido-vs-deportes-iquique\/","title":{"rendered":"Ficha del partido vs. Deportes Iquique"},"content":{"rendered":"<p><strong>Independiente (4):<\/strong> Mart\u00edn Campa\u00f1a; Fabricio Bustos, Alan Franco, Nicol\u00e1s Tagliafico, Gast\u00f3n Togni; Nery Dom\u00ednguez, Diego Rodr\u00edguez, Maximiliano Meza; Emiliano Rigoni, Leandro Fern\u00e1ndez, Ezequiel Barco.<br \/>\n<strong>DT:<\/strong> Ariel Holan.<\/p>\n<p><strong>Deportes Iquique (2):<\/strong> Brayan Cort\u00e9s; Enzo Guerrero, Hern\u00e1n L\u00f3pes, Tom\u00e1s Charles, Hans Salinas; Gerson Acevedo, Misael Davila; Misael Cubillos, Gonzalo Bustamante, Diego Torres; Diego Bielkiewicz.<br \/>\n<strong>DT:<\/strong> Jaime Vera.<\/p>\n<p><strong>Goles:<\/strong> PT 22&#8242; Alan Franco (I), 35&#8242; Ezequiel Barco (I), 41&#8242; Leandro Fern\u00e1nfez (I), 45&#8242; Nery Dom\u00ednguez (I), ST 31&#8242; Diego Bielkiewicz (DI), 45&#8242; Leonardo Espinoza (DI).<\/p>\n<p><strong>Cambios:<\/strong> ST 1&#8242; Leonardo Espinoza por Misael Cubillos (DI), 24&#8242; Mart\u00edn Ben\u00edtez por Nery Dom\u00ednguez (I), 28&#8242; Lucas Albertengo por Leandro Fern\u00e1ndez (I), 45&#8242; Leonel \u00c1lvarez por Maximiliano Meza (I).<\/p>\n<p><strong>Amonestados:<\/strong> PT 8&#8242; Tom\u00e1s Charles (DI), 27&#8242; Enzo Guerrero (DI), 43&#8242; Fabricio Bustos (I), ST 25&#8242; Maximiliano Meza (I), 38&#8242; Diego Torres (DI).<\/p>\n<p><strong>Expulsados:<\/strong> No hubo.<\/p>\n<p><strong>\u00c1rbitro:<\/strong> Enrique C\u00e1ceres.<\/p>\n<p><strong>Estadio:<\/strong> Libertadores de Am\u00e9rica.<\/p>\n","protected":false},"excerpt":{"rendered":"<p>Independiente (4): Mart\u00edn Campa\u00f1a; Fabricio Bustos, Alan Franco, Nicol\u00e1s Tagliafico, Gast\u00f3n Togni; Nery Dom\u00ednguez, Diego Rodr\u00edguez, Maximiliano Meza; Emiliano Rigoni, Leandro Fern\u00e1ndez, Ezequiel Barco. DT: Ariel Holan. Deportes Iquique (2): Brayan Cort\u00e9s; Enzo Guerrero, Hern\u00e1n L\u00f3pes, Tom\u00e1s Charles, Hans Salinas; Gerson Acevedo, Misael Davila; Misael Cubillos, Gonzalo Bustamante, Diego Torres; Diego Bielkiewicz. DT: Jaime Vera. [&hellip;]<\/p>\n","protected":false},"author":14,"featured_media":71265,"comment_status":"open","ping_status":"closed","sticky":false,"template":"","format":"standard","meta":{"_links_to":"","_links_to_target":""},"categories":[3247,1988],"tags":[153,3347,3493,295],"_links":{"self":[{"href":"https:\/\/www.locoxelrojo.com\/independiente\/wp-json\/wp\/v2\/posts\/71268"}],"collection":[{"href":"https:\/\/www.locoxelrojo.com\/independiente\/wp-json\/wp\/v2\/posts"}],"about":[{"href":"https:\/\/www.locoxelrojo.com\/independiente\/wp-json\/wp\/v2\/types\/post"}],"author":[{"embeddable":true,"href":"https:\/\/www.locoxelrojo.com\/independiente\/wp-json\/wp\/v2\/users\/14"}],"replies":[{"embeddable":true,"href":"https:\/\/www.locoxelrojo.com\/independiente\/wp-json\/wp\/v2\/comments?post=71268"}],"version-history":[{"count":0,"href":"https:\/\/www.locoxelrojo.com\/independiente\/wp-json\/wp\/v2\/posts\/71268\/revisions"}],"wp:featuredmedia":[{"embeddable":true,"href":"https:\/\/www.locoxelrojo.com\/independiente\/wp-json\/wp\/v2\/media\/71265"}],"wp:attachment":[{"href":"https:\/\/www.locoxelrojo.com\/independiente\/wp-json\/wp\/v2\/media?parent=71268"}],"wp:term":[{"taxonomy":"category","embeddable":true,"href":"https:\/\/www.locoxelrojo.com\/independiente\/wp-json\/wp\/v2\/categories?post=71268"},{"taxonomy":"post_tag","embeddable":true,"href":"https:\/\/www.locoxelrojo.com\/independiente\/wp-json\/wp\/v2\/tags?post=71268"}],"curies":[{"name":"wp","href":"https:\/\/api.w.org\/{rel}","templated":true}]}}