{"id":71278,"date":"2017-07-12T23:25:43","date_gmt":"2017-07-13T02:25:43","guid":{"rendered":"http:\/\/www.locoxelrojo.com\/independiente\/?p=71278"},"modified":"2017-07-13T01:20:53","modified_gmt":"2017-07-13T04:20:53","slug":"franco-buen-camino","status":"publish","type":"post","link":"https:\/\/www.locoxelrojo.com\/independiente\/2017\/07\/12\/franco-buen-camino\/","title":{"rendered":"Franco: &#8220;Vamos por buen camino&#8221;"},"content":{"rendered":"<p><strong>Alan Franco, <a href=\"https:\/\/www.locoxelrojo.com\/independiente\/2017\/07\/12\/franco-debuto-la-red\/\">quien convirti\u00f3 su primer gol en Primera<\/a>, dialog\u00f3 con la prensa luego de la victoria ante Deportes Iquique por Copa Sudamericana y analiz\u00f3 el partido ante el conjunto chileno.\u00a0<\/strong>Adem\u00e1s, habl\u00f3 sobre su nivel personal y revel\u00f3 a qui\u00e9n le dedic\u00f3 su primer tanto como profesional.<\/p>\n<p><strong>&#8220;Me sent\u00ed bien, agarr\u00e9 un poco m\u00e1s de confianza cuando pude convertir el gol, que nos ayud\u00f3 un poquito y ah\u00ed pudimos levantar un poco. Ahora tengo que seguir laburando&#8221;<\/strong>, comenz\u00f3 el central con respecto a su rendimiento.<\/p>\n<p>Adem\u00e1s, explic\u00f3 porqu\u00e9 baj\u00f3 el rendimiento en el segundo tiempo, aunque se mostr\u00f3 satisfecho por lo realizado en cancha:\u00a0<strong>&#8220;Arrancamos muy bien el primer tiempo, despu\u00e9s entramos un poco relajados. Ahora hay que seguir laburando que vamos por el buen camino&#8221;.<\/strong><\/p>\n<p>Para cerrar, se refiri\u00f3 a la dedicaci\u00f3n de su primer gol: <strong>&#8220;Es un d\u00eda muy especial, no se olvida el primer gol. Se lo dediqu\u00e9 a toda mi familia que siempre viene a apoyarme junto a mi novia y a mi beb\u00e9&#8221;<\/strong>.<\/p>\n","protected":false},"excerpt":{"rendered":"<p>Alan Franco, quien convirti\u00f3 su primer gol en Primera, dialog\u00f3 con la prensa luego de la victoria ante Deportes Iquique por Copa Sudamericana y analiz\u00f3 el partido ante el conjunto chileno.\u00a0Adem\u00e1s, habl\u00f3 sobre su nivel personal y revel\u00f3 a qui\u00e9n le dedic\u00f3 su primer tanto como profesional. &#8220;Me sent\u00ed bien, agarr\u00e9 un poco m\u00e1s de [&hellip;]<\/p>\n","protected":false},"author":22,"featured_media":71279,"comment_status":"open","ping_status":"closed","sticky":false,"template":"","format":"standard","meta":{"_links_to":"","_links_to_target":""},"categories":[7,3247],"tags":[3231,153,3347,3493],"_links":{"self":[{"href":"https:\/\/www.locoxelrojo.com\/independiente\/wp-json\/wp\/v2\/posts\/71278"}],"collection":[{"href":"https:\/\/www.locoxelrojo.com\/independiente\/wp-json\/wp\/v2\/posts"}],"about":[{"href":"https:\/\/www.locoxelrojo.com\/independiente\/wp-json\/wp\/v2\/types\/post"}],"author":[{"embeddable":true,"href":"https:\/\/www.locoxelrojo.com\/independiente\/wp-json\/wp\/v2\/users\/22"}],"replies":[{"embeddable":true,"href":"https:\/\/www.locoxelrojo.com\/independiente\/wp-json\/wp\/v2\/comments?post=71278"}],"version-history":[{"count":0,"href":"https:\/\/www.locoxelrojo.com\/independiente\/wp-json\/wp\/v2\/posts\/71278\/revisions"}],"wp:featuredmedia":[{"embeddable":true,"href":"https:\/\/www.locoxelrojo.com\/independiente\/wp-json\/wp\/v2\/media\/71279"}],"wp:attachment":[{"href":"https:\/\/www.locoxelrojo.com\/independiente\/wp-json\/wp\/v2\/media?parent=71278"}],"wp:term":[{"taxonomy":"category","embeddable":true,"href":"https:\/\/www.locoxelrojo.com\/independiente\/wp-json\/wp\/v2\/categories?post=71278"},{"taxonomy":"post_tag","embeddable":true,"href":"https:\/\/www.locoxelrojo.com\/independiente\/wp-json\/wp\/v2\/tags?post=71278"}],"curies":[{"name":"wp","href":"https:\/\/api.w.org\/{rel}","templated":true}]}}