{"id":7128,"date":"2011-04-23T19:50:30","date_gmt":"2011-04-23T22:50:30","guid":{"rendered":"http:\/\/www.locoxelrojo.com.ar\/independiente\/?p=7128"},"modified":"2015-09-16T19:51:21","modified_gmt":"2015-09-16T22:51:21","slug":"ficha-del-partido-vs-all-boys","status":"publish","type":"post","link":"https:\/\/www.locoxelrojo.com\/independiente\/2011\/04\/23\/ficha-del-partido-vs-all-boys\/","title":{"rendered":"Ficha del partido vs. All Boys"},"content":{"rendered":"<p><a href=\"http:\/\/www.locoxelrojo.com.ar\/independiente\/wp-content\/uploads\/2011\/04\/Final-del-partido.jpg\"><img loading=\"lazy\" class=\"alignnone size-full wp-image-7142\" title=\"Final del partido\" src=\"http:\/\/www.locoxelrojo.com.ar\/independiente\/wp-content\/uploads\/2011\/04\/Final-del-partido.jpg\" alt=\"\" width=\"590\" height=\"315\" srcset=\"https:\/\/locoxelrojo.com\/independiente\/wp-content\/uploads\/2011\/04\/Final-del-partido.jpg 590w, https:\/\/locoxelrojo.com\/independiente\/wp-content\/uploads\/2011\/04\/Final-del-partido-300x160.jpg 300w\" sizes=\"(max-width: 590px) 100vw, 590px\" \/><\/a><\/p>\n<p><strong>Independiente (2):<\/strong> Fabi\u00e1n Assmann; Iv\u00e1n V\u00e9lez, Carlos Matheu, Juli\u00e1n Vel\u00e1zquez, Maximiliano Vel\u00e1zquez; Roberto Batti\u00f3n, Eduardo Tuzzio; Hern\u00e1n Fredes, Patricio Rodr\u00edguez, Leandro Graci\u00e1n; Facundo Parra. DT: Antonio Mohamed.<\/p>\n<p><strong>All Boys (2):<\/strong> Nicol\u00e1s Cambiasso; Cristian Vella, Carlos Casteglione, Eduardo Dom\u00ednguez, Carlos Soto; Fernando S\u00e1nchez, Hugo Barrientos, V\u00edctor David L\u00f3pez; Ariel Z\u00e1rate, Sebasti\u00e1n Grazzini; Emmanuel Gigliotti. DT: Jos\u00e9 Romero.<\/p>\n<p><strong>Goles:<\/strong> 40&#8242; PT Facundo Parra (I), 11&#8242; ST Roberto Batti\u00f3n (I), 32&#8242; Sebasti\u00e1n Ereros (A) y 37&#8242; Emmanuel Gigliotti (A).<\/p>\n<p><strong>Cambios:<\/strong>\u00a014&#8242; ST\u00a0Ariel Ortega por Z\u00e1rate y Agust\u00edn Torassa por Grazzini (A), 15&#8242; Walter Busse por Fredes (I), 18&#8242; Federico Mancuello por Graci\u00e1n (I), 31&#8242; Sebasti\u00e1n Ereros por L\u00f3pez (A) y 36&#8242; Leonel N\u00fa\u00f1ez por P. Rodr\u00edguez (I).<\/p>\n<p><strong>Amonestados: <\/strong>20&#8242; PT Casteglione (A), 25&#8242; PT Fredes (I), 17&#8242; ST Soto (A) y 39&#8242; ST Parra (I).<\/p>\n<p><strong>Expulsados:<\/strong> No hubo.<\/p>\n<p><strong>\u00c1rbitro:<\/strong> Pablo D\u00edaz.<\/p>\n<p><strong>Estadio:<\/strong>\u00a0Libertadores de Am\u00e9rica.<\/p>\n","protected":false},"excerpt":{"rendered":"<p>Independiente (2): Fabi\u00e1n Assmann; Iv\u00e1n V\u00e9lez, Carlos Matheu, Juli\u00e1n Vel\u00e1zquez, Maximiliano Vel\u00e1zquez; Roberto Batti\u00f3n, Eduardo Tuzzio; Hern\u00e1n Fredes, Patricio Rodr\u00edguez, Leandro Graci\u00e1n; Facundo Parra. DT: Antonio Mohamed. All Boys (2): Nicol\u00e1s Cambiasso; Cristian Vella, Carlos Casteglione, Eduardo Dom\u00ednguez, Carlos Soto; Fernando S\u00e1nchez, Hugo Barrientos, V\u00edctor David L\u00f3pez; Ariel Z\u00e1rate, Sebasti\u00e1n Grazzini; Emmanuel Gigliotti. DT: Jos\u00e9 [&hellip;]<\/p>\n","protected":false},"author":11,"featured_media":0,"comment_status":"open","ping_status":"open","sticky":false,"template":"","format":"standard","meta":{"_links_to":"","_links_to_target":""},"categories":[1988,3,1],"tags":[156,395,153,295,740],"_links":{"self":[{"href":"https:\/\/www.locoxelrojo.com\/independiente\/wp-json\/wp\/v2\/posts\/7128"}],"collection":[{"href":"https:\/\/www.locoxelrojo.com\/independiente\/wp-json\/wp\/v2\/posts"}],"about":[{"href":"https:\/\/www.locoxelrojo.com\/independiente\/wp-json\/wp\/v2\/types\/post"}],"author":[{"embeddable":true,"href":"https:\/\/www.locoxelrojo.com\/independiente\/wp-json\/wp\/v2\/users\/11"}],"replies":[{"embeddable":true,"href":"https:\/\/www.locoxelrojo.com\/independiente\/wp-json\/wp\/v2\/comments?post=7128"}],"version-history":[{"count":0,"href":"https:\/\/www.locoxelrojo.com\/independiente\/wp-json\/wp\/v2\/posts\/7128\/revisions"}],"wp:attachment":[{"href":"https:\/\/www.locoxelrojo.com\/independiente\/wp-json\/wp\/v2\/media?parent=7128"}],"wp:term":[{"taxonomy":"category","embeddable":true,"href":"https:\/\/www.locoxelrojo.com\/independiente\/wp-json\/wp\/v2\/categories?post=7128"},{"taxonomy":"post_tag","embeddable":true,"href":"https:\/\/www.locoxelrojo.com\/independiente\/wp-json\/wp\/v2\/tags?post=7128"}],"curies":[{"name":"wp","href":"https:\/\/api.w.org\/{rel}","templated":true}]}}