{"id":71323,"date":"2017-07-16T22:59:13","date_gmt":"2017-07-17T01:59:13","guid":{"rendered":"http:\/\/www.locoxelrojo.com\/independiente\/?p=71323"},"modified":"2017-07-16T23:47:50","modified_gmt":"2017-07-17T02:47:50","slug":"gomez-esperabamos-manejo-la-dirigencia","status":"publish","type":"post","link":"https:\/\/www.locoxelrojo.com\/independiente\/2017\/07\/16\/gomez-esperabamos-manejo-la-dirigencia\/","title":{"rendered":"G\u00f3mez: &#8220;Esper\u00e1bamos otro manejo de la dirigencia&#8221;"},"content":{"rendered":"<p><strong>Alejandro G\u00f3mez<\/strong>, uno de los futbolistas que se est\u00e1 entrenando al margen del plantel profesional, manifest\u00f3 que se imagin\u00f3 otro trato de parte del cuerpo t\u00e9cnico y la dirigencia cuando regres\u00f3 al club tras la finalizaci\u00f3n de\u00a0su pr\u00e9stamo en\u00a0San Lorenzo de Alem.<\/p>\n<p><strong>&#8220;Cuando volv\u00ed pens\u00e9 que iba a tener m\u00e1s lugar porque es un plantel corto,\u00a0en mi posici\u00f3n no hay muchos jugadores y cre\u00ed que\u00a0podr\u00eda ser alternativa de (Nicol\u00e1s) Tagliafico o (Juan) S\u00e1nchez Mi\u00f1o&#8221;<\/strong>, manifest\u00f3 en di\u00e1logo con LocoXelRojo.<\/p>\n<p>En ese sentido, reconoci\u00f3:<strong> &#8220;Hubiese estado bueno que (Ariel) Holan nos d\u00e9 la oportunidad a todos los que volvimos de nuestros pr\u00e9stamos porque somos chicos del club&#8221;.<\/strong>\u00a0Y luego el lateral izquierdo de 23 a\u00f1os, que lleg\u00f3 al Rojo a los 14, resalt\u00f3: <strong>&#8220;Aparte duele porque somos patrimonio del club y esper\u00e1bamos otro manejo de la dirigencia&#8221;<\/strong>.<\/p>\n<p>Por otro lado,\u00a0neg\u00f3 cualquier contacto con alguna persona de la Comisi\u00f3n Directiva. <strong>&#8220;S\u00f3lo recib\u00ed el llamado de un gerente del club para que me presentara a entrenar&#8221;<\/strong>, se\u00f1al\u00f3 el Toro, quien cerr\u00f3 hablando de su futuro inmediato: <strong>&#8220;Ahora estoy esperando alguna oferta y si me tengo que ir, me ir\u00e9&#8221;.<\/strong><\/p>\n","protected":false},"excerpt":{"rendered":"<p>Alejandro G\u00f3mez, uno de los futbolistas que se est\u00e1 entrenando al margen del plantel profesional, manifest\u00f3 que se imagin\u00f3 otro trato de parte del cuerpo t\u00e9cnico y la dirigencia cuando regres\u00f3 al club tras la finalizaci\u00f3n de\u00a0su pr\u00e9stamo en\u00a0San Lorenzo de Alem. &#8220;Cuando volv\u00ed pens\u00e9 que iba a tener m\u00e1s lugar porque es un plantel [&hellip;]<\/p>\n","protected":false},"author":19,"featured_media":71069,"comment_status":"open","ping_status":"closed","sticky":false,"template":"","format":"standard","meta":{"_links_to":"","_links_to_target":""},"categories":[3247,3],"tags":[2377],"_links":{"self":[{"href":"https:\/\/www.locoxelrojo.com\/independiente\/wp-json\/wp\/v2\/posts\/71323"}],"collection":[{"href":"https:\/\/www.locoxelrojo.com\/independiente\/wp-json\/wp\/v2\/posts"}],"about":[{"href":"https:\/\/www.locoxelrojo.com\/independiente\/wp-json\/wp\/v2\/types\/post"}],"author":[{"embeddable":true,"href":"https:\/\/www.locoxelrojo.com\/independiente\/wp-json\/wp\/v2\/users\/19"}],"replies":[{"embeddable":true,"href":"https:\/\/www.locoxelrojo.com\/independiente\/wp-json\/wp\/v2\/comments?post=71323"}],"version-history":[{"count":0,"href":"https:\/\/www.locoxelrojo.com\/independiente\/wp-json\/wp\/v2\/posts\/71323\/revisions"}],"wp:featuredmedia":[{"embeddable":true,"href":"https:\/\/www.locoxelrojo.com\/independiente\/wp-json\/wp\/v2\/media\/71069"}],"wp:attachment":[{"href":"https:\/\/www.locoxelrojo.com\/independiente\/wp-json\/wp\/v2\/media?parent=71323"}],"wp:term":[{"taxonomy":"category","embeddable":true,"href":"https:\/\/www.locoxelrojo.com\/independiente\/wp-json\/wp\/v2\/categories?post=71323"},{"taxonomy":"post_tag","embeddable":true,"href":"https:\/\/www.locoxelrojo.com\/independiente\/wp-json\/wp\/v2\/tags?post=71323"}],"curies":[{"name":"wp","href":"https:\/\/api.w.org\/{rel}","templated":true}]}}