{"id":71351,"date":"2017-07-18T13:31:18","date_gmt":"2017-07-18T16:31:18","guid":{"rendered":"http:\/\/www.locoxelrojo.com\/independiente\/?p=71351"},"modified":"2017-07-18T23:06:17","modified_gmt":"2017-07-19T02:06:17","slug":"domingo-otra-alternativa-medio","status":"publish","type":"post","link":"https:\/\/www.locoxelrojo.com\/independiente\/2017\/07\/18\/domingo-otra-alternativa-medio\/","title":{"rendered":"Domingo, otra alternativa para el medio"},"content":{"rendered":"<p><strong>Ariel Holan pretende seguir reforzando el equipo de cara al pr\u00f3ximo semestre y ahora el apuntado es Nicol\u00e1s Domingo, jugador al\u00a0que\u00a0conoce de su paso por Banfield.<\/strong><\/p>\n<p><strong>&#8220;El mediocampista central es un puesto en el que tambi\u00e9n podr\u00edamos sumar a alguien, s\u00f3lo tenemos al Torito (Rodr\u00edguez) y Nery (Dom\u00ednguez)&#8221;<\/strong>, declar\u00f3 Holan este martes. Y con ese panorama, el DT de Independiente puso sus ojos en el volante\u00a0de River, un viejo conocido de su etapa en el Taladro.<\/p>\n<p>Domingo sabe que, hoy por hoy, <strong>corre por detr\u00e1s de Leonardo Ponzio, Ignacio Fern\u00e1ndez y Enzo P\u00e9rez<\/strong>, entre otros, por lo que podr\u00eda aceptar venir al Rojo. Por ahora, es s\u00f3lo un inter\u00e9s, ya que <a href=\"https:\/\/www.locoxelrojo.com\/independiente\/2017\/07\/15\/rolon-la-mira\/\">la prioridad de Holan sigue siendo Esteban\u00a0Rol\u00f3n de Argentinos Juniors<\/a>.<\/p>\n<p>Cabe recordar que, hace un a\u00f1o y medio, <strong>el Millonario\u00a0compr\u00f3 a Domingo por 350.000 d\u00f3lares y tan s\u00f3lo jug\u00f3 24 partidos en 18 meses<\/strong>.<\/p>\n","protected":false},"excerpt":{"rendered":"<p>Ariel Holan pretende seguir reforzando el equipo de cara al pr\u00f3ximo semestre y ahora el apuntado es Nicol\u00e1s Domingo, jugador al\u00a0que\u00a0conoce de su paso por Banfield. &#8220;El mediocampista central es un puesto en el que tambi\u00e9n podr\u00edamos sumar a alguien, s\u00f3lo tenemos al Torito (Rodr\u00edguez) y Nery (Dom\u00ednguez)&#8221;, declar\u00f3 Holan este martes. Y con ese [&hellip;]<\/p>\n","protected":false},"author":23,"featured_media":71352,"comment_status":"open","ping_status":"closed","sticky":false,"template":"","format":"standard","meta":{"_links_to":"","_links_to_target":""},"categories":[3280,3247],"tags":[3367,2783],"_links":{"self":[{"href":"https:\/\/www.locoxelrojo.com\/independiente\/wp-json\/wp\/v2\/posts\/71351"}],"collection":[{"href":"https:\/\/www.locoxelrojo.com\/independiente\/wp-json\/wp\/v2\/posts"}],"about":[{"href":"https:\/\/www.locoxelrojo.com\/independiente\/wp-json\/wp\/v2\/types\/post"}],"author":[{"embeddable":true,"href":"https:\/\/www.locoxelrojo.com\/independiente\/wp-json\/wp\/v2\/users\/23"}],"replies":[{"embeddable":true,"href":"https:\/\/www.locoxelrojo.com\/independiente\/wp-json\/wp\/v2\/comments?post=71351"}],"version-history":[{"count":0,"href":"https:\/\/www.locoxelrojo.com\/independiente\/wp-json\/wp\/v2\/posts\/71351\/revisions"}],"wp:featuredmedia":[{"embeddable":true,"href":"https:\/\/www.locoxelrojo.com\/independiente\/wp-json\/wp\/v2\/media\/71352"}],"wp:attachment":[{"href":"https:\/\/www.locoxelrojo.com\/independiente\/wp-json\/wp\/v2\/media?parent=71351"}],"wp:term":[{"taxonomy":"category","embeddable":true,"href":"https:\/\/www.locoxelrojo.com\/independiente\/wp-json\/wp\/v2\/categories?post=71351"},{"taxonomy":"post_tag","embeddable":true,"href":"https:\/\/www.locoxelrojo.com\/independiente\/wp-json\/wp\/v2\/tags?post=71351"}],"curies":[{"name":"wp","href":"https:\/\/api.w.org\/{rel}","templated":true}]}}