{"id":71406,"date":"2017-07-21T20:20:03","date_gmt":"2017-07-21T23:20:03","guid":{"rendered":"http:\/\/www.locoxelrojo.com\/independiente\/?p=71406"},"modified":"2017-07-21T20:27:44","modified_gmt":"2017-07-21T23:27:44","slug":"rusia-lo-dan-hecho","status":"publish","type":"post","link":"https:\/\/www.locoxelrojo.com\/independiente\/2017\/07\/21\/rusia-lo-dan-hecho\/","title":{"rendered":"En Rusia lo dan por hecho"},"content":{"rendered":"<p><strong>Emiliano Rigoni es el futbolista de Independiente m\u00e1s buscado en este mercado de pases, aunque la dirigencia del Rojo confirm\u00f3 que por ahora la idea es retenerlo un tiempo m\u00e1s. Sin embargo, desde Rusia aseguran que la compra del volante cordob\u00e9s est\u00e1 muy cerca de concretarse y que ser\u00eda nuevo jugador del Zenit.\u00a0<\/strong><\/p>\n<p>Si bien la dirigencia negocia la compra del 50% que le pertenece a Belgrano y busca aumentarle el sueldo y su cl\u00e1usula de salida, todo parece indicar que ser\u00e1 dif\u00edcil retener a Rigoni. <strong><a href=\"https:\/\/www.locoxelrojo.com\/independiente\/2017\/07\/19\/p-moyano-la-decision-no-vender-rigoni-aumentar-clausula\/\">El propio Pablo Moyano confirm\u00f3 el mi\u00e9rcoles pasado que la postura oficial de Independiente es que contin\u00fae<\/a>, al menos hasta diciembre, porque es un jugador fundamental en el equipo.<\/strong><\/p>\n<p><strong>Por su parte,<a href=\"https:\/\/www.locoxelrojo.com\/independiente\/2017\/07\/19\/rigoni-holan-dice-valgo-me-quede\/\"> Rigoni declar\u00f3 que prefiere mantenerse al margen de las negociaciones<\/a> para seguir enfocado en los objetivos del club para este semestre<\/strong>, aunque la semana pasada <a href=\"https:\/\/www.locoxelrojo.com\/independiente\/2017\/07\/14\/oller-rigoni-esta-interesado-la-oferta-del-zenit\/\">su representante manifest\u00f3 que le interesa la propuesta que lleg\u00f3 desde Rusia<\/a> y que ya rechazaron desde el Rojo por ser insuficiente.<\/p>\n<p>Aunque este viernes, el medio ruso Sports Daily -que semanas atr\u00e1s adelant\u00f3 la llegada de Sebastian Driussi al conjunto celeste- revel\u00f3 que tuvo una charla con Juan Cruz Oller, representante del futbolista, que declar\u00f3 al respecto: <strong>&#8220;La informaci\u00f3n sobre la negativa de Independiente es incorrecta, la pr\u00f3xima semana se convierte en jugador del Zenit. Las negociaciones est\u00e1n hechas en un 90%, faltan los \u00faltimos detalles, que a\u00fan no puedo revelarlos&#8221;<\/strong>. \u00bfSe queda o se va?<\/p>\n<p>&nbsp;<\/p>\n<p>&nbsp;<\/p>\n<p>&nbsp;<\/p>\n","protected":false},"excerpt":{"rendered":"<p>Emiliano Rigoni es el futbolista de Independiente m\u00e1s buscado en este mercado de pases, aunque la dirigencia del Rojo confirm\u00f3 que por ahora la idea es retenerlo un tiempo m\u00e1s. Sin embargo, desde Rusia aseguran que la compra del volante cordob\u00e9s est\u00e1 muy cerca de concretarse y que ser\u00eda nuevo jugador del Zenit.\u00a0 Si bien [&hellip;]<\/p>\n","protected":false},"author":14,"featured_media":70233,"comment_status":"open","ping_status":"closed","sticky":false,"template":"","format":"standard","meta":{"_links_to":"","_links_to_target":""},"categories":[3247,3],"tags":[153,2835,3531],"_links":{"self":[{"href":"https:\/\/www.locoxelrojo.com\/independiente\/wp-json\/wp\/v2\/posts\/71406"}],"collection":[{"href":"https:\/\/www.locoxelrojo.com\/independiente\/wp-json\/wp\/v2\/posts"}],"about":[{"href":"https:\/\/www.locoxelrojo.com\/independiente\/wp-json\/wp\/v2\/types\/post"}],"author":[{"embeddable":true,"href":"https:\/\/www.locoxelrojo.com\/independiente\/wp-json\/wp\/v2\/users\/14"}],"replies":[{"embeddable":true,"href":"https:\/\/www.locoxelrojo.com\/independiente\/wp-json\/wp\/v2\/comments?post=71406"}],"version-history":[{"count":0,"href":"https:\/\/www.locoxelrojo.com\/independiente\/wp-json\/wp\/v2\/posts\/71406\/revisions"}],"wp:featuredmedia":[{"embeddable":true,"href":"https:\/\/www.locoxelrojo.com\/independiente\/wp-json\/wp\/v2\/media\/70233"}],"wp:attachment":[{"href":"https:\/\/www.locoxelrojo.com\/independiente\/wp-json\/wp\/v2\/media?parent=71406"}],"wp:term":[{"taxonomy":"category","embeddable":true,"href":"https:\/\/www.locoxelrojo.com\/independiente\/wp-json\/wp\/v2\/categories?post=71406"},{"taxonomy":"post_tag","embeddable":true,"href":"https:\/\/www.locoxelrojo.com\/independiente\/wp-json\/wp\/v2\/tags?post=71406"}],"curies":[{"name":"wp","href":"https:\/\/api.w.org\/{rel}","templated":true}]}}