{"id":71491,"date":"2017-07-27T12:33:44","date_gmt":"2017-07-27T15:33:44","guid":{"rendered":"http:\/\/www.locoxelrojo.com\/independiente\/?p=71491"},"modified":"2017-07-27T12:33:44","modified_gmt":"2017-07-27T15:33:44","slug":"la-contraoferta-independiente-al-zenit","status":"publish","type":"post","link":"https:\/\/www.locoxelrojo.com\/independiente\/2017\/07\/27\/la-contraoferta-independiente-al-zenit\/","title":{"rendered":"La contraoferta de Independiente al Zenit"},"content":{"rendered":"<p>En las \u00faltimas horas, <strong>la dirigencia de Independiente realiz\u00f3 una contraoferta al club ruso por el pase de Emiliano Rigoni<\/strong>. Si el Zenit la acepta, el cordob\u00e9s podr\u00eda marcharse despu\u00e9s del partido contra Deportes Iquique.<\/p>\n<p>Tanto el futbolista como su representante, Juan Cruz Oller, avisaron a Hugo Moyano que la intenci\u00f3n del jugador es dar el salto\u00a0a Europa en este mercado de pases. <strong>El presidente de Independiente\u00a0acept\u00f3 con la condici\u00f3n de que el Zenit pague 10.5 millones de Euros<\/strong>.<\/p>\n<p>De esta manera, <strong>el reparto ser\u00eda 6.5 millones de Euros para el Rojo<\/strong>, 3 millones para Belgrano y 1 mill\u00f3n estar\u00e1 destinado a impuestos y gastos. En tanto, la forma de pago ser\u00e1 la siguiente: <strong>7 millones ahora,\u00a02.5 millones en julio de 2018 y 1 mill\u00f3n en julio de 2019<\/strong>.<\/p>\n<p>Si bien el futbolista arrastra una sobrecarga en su aductor,\u00a0<strong>la idea de Independiente es que Rigoni juegue el encuentro de vuelta ante Deportes Iquique si se recupera y despu\u00e9s se marche rumbo a Europa. \u00bfSe concretar\u00e1?<\/strong><\/p>\n","protected":false},"excerpt":{"rendered":"<p>En las \u00faltimas horas, la dirigencia de Independiente realiz\u00f3 una contraoferta al club ruso por el pase de Emiliano Rigoni. Si el Zenit la acepta, el cordob\u00e9s podr\u00eda marcharse despu\u00e9s del partido contra Deportes Iquique. Tanto el futbolista como su representante, Juan Cruz Oller, avisaron a Hugo Moyano que la intenci\u00f3n del jugador es dar [&hellip;]<\/p>\n","protected":false},"author":19,"featured_media":71007,"comment_status":"open","ping_status":"closed","sticky":false,"template":"","format":"standard","meta":{"_links_to":"","_links_to_target":""},"categories":[3280,3247],"tags":[153,2835,3531],"_links":{"self":[{"href":"https:\/\/www.locoxelrojo.com\/independiente\/wp-json\/wp\/v2\/posts\/71491"}],"collection":[{"href":"https:\/\/www.locoxelrojo.com\/independiente\/wp-json\/wp\/v2\/posts"}],"about":[{"href":"https:\/\/www.locoxelrojo.com\/independiente\/wp-json\/wp\/v2\/types\/post"}],"author":[{"embeddable":true,"href":"https:\/\/www.locoxelrojo.com\/independiente\/wp-json\/wp\/v2\/users\/19"}],"replies":[{"embeddable":true,"href":"https:\/\/www.locoxelrojo.com\/independiente\/wp-json\/wp\/v2\/comments?post=71491"}],"version-history":[{"count":0,"href":"https:\/\/www.locoxelrojo.com\/independiente\/wp-json\/wp\/v2\/posts\/71491\/revisions"}],"wp:featuredmedia":[{"embeddable":true,"href":"https:\/\/www.locoxelrojo.com\/independiente\/wp-json\/wp\/v2\/media\/71007"}],"wp:attachment":[{"href":"https:\/\/www.locoxelrojo.com\/independiente\/wp-json\/wp\/v2\/media?parent=71491"}],"wp:term":[{"taxonomy":"category","embeddable":true,"href":"https:\/\/www.locoxelrojo.com\/independiente\/wp-json\/wp\/v2\/categories?post=71491"},{"taxonomy":"post_tag","embeddable":true,"href":"https:\/\/www.locoxelrojo.com\/independiente\/wp-json\/wp\/v2\/tags?post=71491"}],"curies":[{"name":"wp","href":"https:\/\/api.w.org\/{rel}","templated":true}]}}