{"id":71609,"date":"2017-07-31T14:01:15","date_gmt":"2017-07-31T17:01:15","guid":{"rendered":"http:\/\/www.locoxelrojo.com\/independiente\/?p=71609"},"modified":"2017-07-31T15:02:41","modified_gmt":"2017-07-31T18:02:41","slug":"benitez-otra-baja-holan","status":"publish","type":"post","link":"https:\/\/www.locoxelrojo.com\/independiente\/2017\/07\/31\/benitez-otra-baja-holan\/","title":{"rendered":"Ben\u00edtez, otra baja para Holan"},"content":{"rendered":"<p><strong>Mart\u00edn Ben\u00edtez est\u00e1 descartado para el partido que se jugar\u00e1 este mi\u00e9rcoles en Chile frente a Deportes Iquique<\/strong> a ra\u00edz de un esguince medial en la rodilla derecha.<\/p>\n<p><a href=\"https:\/\/www.locoxelrojo.com\/independiente\/2017\/07\/31\/trabajo-la-definicion\/\">Este lunes fue evaluado<\/a> y, <strong>como el delantero viene arrastrando mucho dolor desde hace varios d\u00edas, en las pr\u00f3ximas horas le van a realizar estudios m\u00e1s profundos, de precauci\u00f3n<\/strong>, ya que desde el cuerpo m\u00e9dico temen que sea una lesi\u00f3n de mayor gravedad.<\/p>\n<p>Por eso, <strong>el jugador no viajar\u00e1 y se quedar\u00e1 en Buenos Aires<\/strong>. Esta baja se suma a la de Emmanuel Giliotti y Juan S\u00e1nchez Mi\u00f1o, quienes evolucionan favorablemente de sus respectivas lesiones.<\/p>\n","protected":false},"excerpt":{"rendered":"<p>Mart\u00edn Ben\u00edtez est\u00e1 descartado para el partido que se jugar\u00e1 este mi\u00e9rcoles en Chile frente a Deportes Iquique a ra\u00edz de un esguince medial en la rodilla derecha. Este lunes fue evaluado y, como el delantero viene arrastrando mucho dolor desde hace varios d\u00edas, en las pr\u00f3ximas horas le van a realizar estudios m\u00e1s profundos, [&hellip;]<\/p>\n","protected":false},"author":24,"featured_media":71611,"comment_status":"open","ping_status":"closed","sticky":false,"template":"","format":"standard","meta":{"_links_to":"","_links_to_target":""},"categories":[3247,3],"tags":[153,3493,258],"_links":{"self":[{"href":"https:\/\/www.locoxelrojo.com\/independiente\/wp-json\/wp\/v2\/posts\/71609"}],"collection":[{"href":"https:\/\/www.locoxelrojo.com\/independiente\/wp-json\/wp\/v2\/posts"}],"about":[{"href":"https:\/\/www.locoxelrojo.com\/independiente\/wp-json\/wp\/v2\/types\/post"}],"author":[{"embeddable":true,"href":"https:\/\/www.locoxelrojo.com\/independiente\/wp-json\/wp\/v2\/users\/24"}],"replies":[{"embeddable":true,"href":"https:\/\/www.locoxelrojo.com\/independiente\/wp-json\/wp\/v2\/comments?post=71609"}],"version-history":[{"count":0,"href":"https:\/\/www.locoxelrojo.com\/independiente\/wp-json\/wp\/v2\/posts\/71609\/revisions"}],"wp:featuredmedia":[{"embeddable":true,"href":"https:\/\/www.locoxelrojo.com\/independiente\/wp-json\/wp\/v2\/media\/71611"}],"wp:attachment":[{"href":"https:\/\/www.locoxelrojo.com\/independiente\/wp-json\/wp\/v2\/media?parent=71609"}],"wp:term":[{"taxonomy":"category","embeddable":true,"href":"https:\/\/www.locoxelrojo.com\/independiente\/wp-json\/wp\/v2\/categories?post=71609"},{"taxonomy":"post_tag","embeddable":true,"href":"https:\/\/www.locoxelrojo.com\/independiente\/wp-json\/wp\/v2\/tags?post=71609"}],"curies":[{"name":"wp","href":"https:\/\/api.w.org\/{rel}","templated":true}]}}