{"id":71613,"date":"2017-07-31T14:56:33","date_gmt":"2017-07-31T17:56:33","guid":{"rendered":"http:\/\/www.locoxelrojo.com\/independiente\/?p=71613"},"modified":"2017-07-31T15:12:56","modified_gmt":"2017-07-31T18:12:56","slug":"trabajo-la-definicion","status":"publish","type":"post","link":"https:\/\/www.locoxelrojo.com\/independiente\/2017\/07\/31\/trabajo-la-definicion\/","title":{"rendered":"Trabaj\u00f3 en la definici\u00f3n"},"content":{"rendered":"<p>A falta de dos d\u00edas para el encuentro ante Deportes Iquique, <b>el plantel de Independiente comenz\u00f3 su semana de entrenamientos y Ariel Holan puso especial \u00e9nfasis en los ejercicios de definici\u00f3n<\/b>.<\/p>\n<p>Este lunes por la ma\u00f1ana, en el predio de Villa Dom\u00ednico, el entrenador comenz\u00f3 a ultimar detalles para defender en Chile el 4-2 conseguido en Avellaneda. Por eso,<b> los jugadores realizaron trabajos de definici\u00f3n y pelota parada luego de la habitual entrada en calor en el gimnasio<\/b>.<\/p>\n<p>Por otra parte, <b><a href=\"https:\/\/www.locoxelrojo.com\/independiente\/2017\/07\/31\/capitan-en-duda\/\">Nicol\u00e1s Tagliafico practic\u00f3 hoy de manera diferenciada<\/a> ya que se lo est\u00e1 preservando para el partido de copa<\/b>.<b> Adem\u00e1s, <a href=\"https:\/\/www.locoxelrojo.com\/independiente\/2017\/07\/31\/benitez-otra-baja-holan\/\">el entrenador no contar\u00e1 con Mart\u00edn Ben\u00edtez<\/a><\/b>, quien padece un esguince medial en su rodilla derecha, Juan S\u00e1nchez Mi\u00f1o ni Emmanuel Gigliotti, quienes contin\u00faan recuper\u00e1ndose de sus respectivas lesiones.<\/p>\n<p>De esta manera, el probable equipo en Chile ser\u00eda: <strong>Mart\u00edn Campa\u00f1a; Fabricio Bustos, Alan Franco, Fernando Amorebieta, Tagliafico o Gast\u00f3n Togni; Diego Rodr\u00edguez Berrini, Nery Dom\u00ednguez; Maximiliano Meza, Ezequiel Barco, Togni o Walter Erviti y Leandro Fern\u00e1ndez<\/strong>.<\/p>\n<p>En tanto, <b>Francisco Pizzini comenz\u00f3 con la primera etapa de su rehabilitaci\u00f3n tras la operaci\u00f3n a la cual debi\u00f3 ser sometido.<\/b> Por otra parte, <a href=\"https:\/\/www.locoxelrojo.com\/independiente\/2017\/07\/31\/albil-viejo-conocido\/\">Dami\u00e1n Albil arregl\u00f3 su continuidad<\/a> en el club y se sum\u00f3 al plantel.<\/p>\n","protected":false},"excerpt":{"rendered":"<p>A falta de dos d\u00edas para el encuentro ante Deportes Iquique, el plantel de Independiente comenz\u00f3 su semana de entrenamientos y Ariel Holan puso especial \u00e9nfasis en los ejercicios de definici\u00f3n. Este lunes por la ma\u00f1ana, en el predio de Villa Dom\u00ednico, el entrenador comenz\u00f3 a ultimar detalles para defender en Chile el 4-2 conseguido [&hellip;]<\/p>\n","protected":false},"author":19,"featured_media":71618,"comment_status":"open","ping_status":"closed","sticky":false,"template":"","format":"standard","meta":{"_links_to":"","_links_to_target":""},"categories":[3247,3],"tags":[26,258,1600,1683],"_links":{"self":[{"href":"https:\/\/www.locoxelrojo.com\/independiente\/wp-json\/wp\/v2\/posts\/71613"}],"collection":[{"href":"https:\/\/www.locoxelrojo.com\/independiente\/wp-json\/wp\/v2\/posts"}],"about":[{"href":"https:\/\/www.locoxelrojo.com\/independiente\/wp-json\/wp\/v2\/types\/post"}],"author":[{"embeddable":true,"href":"https:\/\/www.locoxelrojo.com\/independiente\/wp-json\/wp\/v2\/users\/19"}],"replies":[{"embeddable":true,"href":"https:\/\/www.locoxelrojo.com\/independiente\/wp-json\/wp\/v2\/comments?post=71613"}],"version-history":[{"count":0,"href":"https:\/\/www.locoxelrojo.com\/independiente\/wp-json\/wp\/v2\/posts\/71613\/revisions"}],"wp:featuredmedia":[{"embeddable":true,"href":"https:\/\/www.locoxelrojo.com\/independiente\/wp-json\/wp\/v2\/media\/71618"}],"wp:attachment":[{"href":"https:\/\/www.locoxelrojo.com\/independiente\/wp-json\/wp\/v2\/media?parent=71613"}],"wp:term":[{"taxonomy":"category","embeddable":true,"href":"https:\/\/www.locoxelrojo.com\/independiente\/wp-json\/wp\/v2\/categories?post=71613"},{"taxonomy":"post_tag","embeddable":true,"href":"https:\/\/www.locoxelrojo.com\/independiente\/wp-json\/wp\/v2\/tags?post=71613"}],"curies":[{"name":"wp","href":"https:\/\/api.w.org\/{rel}","templated":true}]}}