{"id":71686,"date":"2017-08-03T16:54:52","date_gmt":"2017-08-03T19:54:52","guid":{"rendered":"http:\/\/www.locoxelrojo.com\/independiente\/?p=71686"},"modified":"2017-08-03T18:30:41","modified_gmt":"2017-08-03T21:30:41","slug":"vitale-se-fue-union","status":"publish","type":"post","link":"https:\/\/www.locoxelrojo.com\/independiente\/2017\/08\/03\/vitale-se-fue-union\/","title":{"rendered":"Vitale se fue a Uni\u00f3n"},"content":{"rendered":"<p><strong>Juli\u00e1n Vitale continuar\u00e1 su carrera en Uni\u00f3n de Santa Fe<\/strong>. El mediocampista devenido en defensor central desde la llegada de Gabriel Milito no iba a ser prioridad para Ariel Holan y por eso decidi\u00f3 cambiar de aire.<\/p>\n<p>El volante de 22 a\u00f1os no tuvo mucho durante el \u00faltimo tiempo. De hecho, <strong>en el \u00faltimo a\u00f1o y medio Vitale jug\u00f3 solamente seis partidos -cuatro de ellos como titular- sin convertir goles<\/strong>.<\/p>\n<p>Ante la falta de rodaje y el inter\u00e9s mostrado por la instituci\u00f3n santafesina, <strong>qued\u00f3 acordado el pr\u00e9stamo\u00a0del futbolista por un a\u00f1o, sin cargo y sin opci\u00f3n<\/strong>.<\/p>\n<p>Desde su debut el 31 de mayo de 2015 ante Tigre (1-0), <strong>Vitale disput\u00f3 25 partidos en Independiente -17 desde el arranque- y no convirti\u00f3\u00a0ning\u00fan tanto<\/strong>.<\/p>\n","protected":false},"excerpt":{"rendered":"<p>Juli\u00e1n Vitale continuar\u00e1 su carrera en Uni\u00f3n de Santa Fe. El mediocampista devenido en defensor central desde la llegada de Gabriel Milito no iba a ser prioridad para Ariel Holan y por eso decidi\u00f3 cambiar de aire. El volante de 22 a\u00f1os no tuvo mucho durante el \u00faltimo tiempo. De hecho, en el \u00faltimo a\u00f1o [&hellip;]<\/p>\n","protected":false},"author":19,"featured_media":71741,"comment_status":"open","ping_status":"closed","sticky":false,"template":"","format":"standard","meta":{"_links_to":"","_links_to_target":""},"categories":[3280,3247],"tags":[2867,1155],"_links":{"self":[{"href":"https:\/\/www.locoxelrojo.com\/independiente\/wp-json\/wp\/v2\/posts\/71686"}],"collection":[{"href":"https:\/\/www.locoxelrojo.com\/independiente\/wp-json\/wp\/v2\/posts"}],"about":[{"href":"https:\/\/www.locoxelrojo.com\/independiente\/wp-json\/wp\/v2\/types\/post"}],"author":[{"embeddable":true,"href":"https:\/\/www.locoxelrojo.com\/independiente\/wp-json\/wp\/v2\/users\/19"}],"replies":[{"embeddable":true,"href":"https:\/\/www.locoxelrojo.com\/independiente\/wp-json\/wp\/v2\/comments?post=71686"}],"version-history":[{"count":0,"href":"https:\/\/www.locoxelrojo.com\/independiente\/wp-json\/wp\/v2\/posts\/71686\/revisions"}],"wp:featuredmedia":[{"embeddable":true,"href":"https:\/\/www.locoxelrojo.com\/independiente\/wp-json\/wp\/v2\/media\/71741"}],"wp:attachment":[{"href":"https:\/\/www.locoxelrojo.com\/independiente\/wp-json\/wp\/v2\/media?parent=71686"}],"wp:term":[{"taxonomy":"category","embeddable":true,"href":"https:\/\/www.locoxelrojo.com\/independiente\/wp-json\/wp\/v2\/categories?post=71686"},{"taxonomy":"post_tag","embeddable":true,"href":"https:\/\/www.locoxelrojo.com\/independiente\/wp-json\/wp\/v2\/tags?post=71686"}],"curies":[{"name":"wp","href":"https:\/\/api.w.org\/{rel}","templated":true}]}}