{"id":71687,"date":"2017-08-03T17:05:15","date_gmt":"2017-08-03T20:05:15","guid":{"rendered":"http:\/\/www.locoxelrojo.com\/independiente\/?p=71687"},"modified":"2017-08-03T18:34:12","modified_gmt":"2017-08-03T21:34:12","slug":"martinez-tambien-se-sumo-al-tatengue","status":"publish","type":"post","link":"https:\/\/www.locoxelrojo.com\/independiente\/2017\/08\/03\/martinez-tambien-se-sumo-al-tatengue\/","title":{"rendered":"Mart\u00ednez tambi\u00e9n se sum\u00f3 al Tatengue"},"content":{"rendered":"<p>Otro de los jugadores que no iba a ser tenido en cuenta por Ariel Holan es <strong>Dami\u00e1n Mart\u00ednez, quien finalmente continuar\u00e1 su carrera en Uni\u00f3n de Santa Fe<\/strong>.<\/p>\n<p><strong>El lateral derecho lleg\u00f3 al club\u00a0de la mano de Gabriel Milito por recomendaci\u00f3n del hoy entrenador rojo<\/strong>. A cambio, Independiente le entreg\u00f3 la ficha de Rafael Barrios y puso dinero encima. Lo cierto es que el defensor\u00a0de 27 a\u00f1os no tuvo la continuidad deseada.<\/p>\n<p>El lateral derecho\u00a0no iba a ser tenido en cuenta por Holan, quien prioriz\u00f3 el buen presente de Fabricio Bustos. <strong>Por eso, desde que desembarc\u00f3 en Avellaneda\u00a0jug\u00f3 cuatro partidos -todos como titular- y no anot\u00f3 ning\u00fan gol<\/strong>.<\/p>\n<p>Por ese motivo y en busca de sumar m\u00e1s minutos,\u00a0<strong>Mart\u00ednez pas\u00f3 a Uni\u00f3n de Santa Fe, a pr\u00e9stamo por un a\u00f1o y sin cargo<\/strong>. All\u00ed compartir\u00e1 plantel con <a href=\"https:\/\/www.locoxelrojo.com\/independiente\/2017\/08\/03\/vitale-se-fue-union\/\">otro ex Rojo, Juli\u00e1n Vitale<\/a>.<\/p>\n","protected":false},"excerpt":{"rendered":"<p>Otro de los jugadores que no iba a ser tenido en cuenta por Ariel Holan es Dami\u00e1n Mart\u00ednez, quien finalmente continuar\u00e1 su carrera en Uni\u00f3n de Santa Fe. El lateral derecho lleg\u00f3 al club\u00a0de la mano de Gabriel Milito por recomendaci\u00f3n del hoy entrenador rojo. A cambio, Independiente le entreg\u00f3 la ficha de Rafael Barrios [&hellip;]<\/p>\n","protected":false},"author":19,"featured_media":71744,"comment_status":"open","ping_status":"closed","sticky":false,"template":"","format":"standard","meta":{"_links_to":"","_links_to_target":""},"categories":[3280,3247],"tags":[153,951,1155],"_links":{"self":[{"href":"https:\/\/www.locoxelrojo.com\/independiente\/wp-json\/wp\/v2\/posts\/71687"}],"collection":[{"href":"https:\/\/www.locoxelrojo.com\/independiente\/wp-json\/wp\/v2\/posts"}],"about":[{"href":"https:\/\/www.locoxelrojo.com\/independiente\/wp-json\/wp\/v2\/types\/post"}],"author":[{"embeddable":true,"href":"https:\/\/www.locoxelrojo.com\/independiente\/wp-json\/wp\/v2\/users\/19"}],"replies":[{"embeddable":true,"href":"https:\/\/www.locoxelrojo.com\/independiente\/wp-json\/wp\/v2\/comments?post=71687"}],"version-history":[{"count":0,"href":"https:\/\/www.locoxelrojo.com\/independiente\/wp-json\/wp\/v2\/posts\/71687\/revisions"}],"wp:featuredmedia":[{"embeddable":true,"href":"https:\/\/www.locoxelrojo.com\/independiente\/wp-json\/wp\/v2\/media\/71744"}],"wp:attachment":[{"href":"https:\/\/www.locoxelrojo.com\/independiente\/wp-json\/wp\/v2\/media?parent=71687"}],"wp:term":[{"taxonomy":"category","embeddable":true,"href":"https:\/\/www.locoxelrojo.com\/independiente\/wp-json\/wp\/v2\/categories?post=71687"},{"taxonomy":"post_tag","embeddable":true,"href":"https:\/\/www.locoxelrojo.com\/independiente\/wp-json\/wp\/v2\/tags?post=71687"}],"curies":[{"name":"wp","href":"https:\/\/api.w.org\/{rel}","templated":true}]}}