{"id":71712,"date":"2017-08-02T23:15:59","date_gmt":"2017-08-03T02:15:59","guid":{"rendered":"http:\/\/www.locoxelrojo.com\/independiente\/?p=71712"},"modified":"2017-08-03T01:15:16","modified_gmt":"2017-08-03T04:15:16","slug":"ficha-del-partido-vs-deportes-iquique-2","status":"publish","type":"post","link":"https:\/\/www.locoxelrojo.com\/independiente\/2017\/08\/02\/ficha-del-partido-vs-deportes-iquique-2\/","title":{"rendered":"Ficha del partido vs. Deportes Iquique"},"content":{"rendered":"<p><strong>Deportes Iquique (1):<\/strong> Brayan Cort\u00e9s; Enzo Guerrero, Hern\u00e1n Lopes, Mauricio Zenteno, Hans Salinas; Ignacio Caroca, Misael D\u00e1vila, Johan Fuentes; Diego Torres; Diego Bielkiewicz\u00a0y Manuel Villalobos.<br \/>\n<strong>DT:<\/strong> Jaime Vera.<\/p>\n<p><strong>Independiente (2):<\/strong> Mart\u00edn Campa\u00f1a; Fabricio Bustos, Alan Franco, Fernando Amorebieta, Nicol\u00e1s Tagliafico; Nery Dominguez, Diego Rodr\u00edguez; Emiliano Rigoni, Maximiliano Meza, Ezequiel Barco; Leandro Fern\u00e1ndez.<br \/>\n<strong>DT:<\/strong> Ariel Holan.<\/p>\n<p><strong>Goles: <\/strong>PT<strong>\u00a0<\/strong>7&#8242; Villalobos (DI), 28&#8242; Meza (I)\u00a0y ST 36&#8242; Albertengo (I)<\/p>\n<p><strong>Cambios:<\/strong>\u00a0ST 16&#8242; Leonardo Espinoza por Guerrero (DI), 27&#8242; Gast\u00f3n Togni por Barco (I), 30&#8242; Misael Cubillos por Bielkiewicz (DI), 33&#8242; Lucas Albertengo por Fern\u00e1ndez (I)\u00a0y 40&#8242; Walter Erviti por Rigoni (I).<\/p>\n<p><strong>Amonestados:<\/strong>\u00a0PT 17&#8242; Meza (I), 20&#8242; Barco (I), 20&#8242; Torres (DI), 43&#8242; Franco (I), ST 20&#8242; Amorebieta (I)\u00a0y 43&#8242; Cubillos (DI).<\/p>\n<p><strong>Expulsados:<\/strong> No hubo.<\/p>\n<p><strong>\u00c1rbitro:<\/strong> Raphael Claus.<\/p>\n<p><strong>Estadio:<\/strong> Zorros del Desierto.<\/p>\n","protected":false},"excerpt":{"rendered":"<p>Deportes Iquique (1): Brayan Cort\u00e9s; Enzo Guerrero, Hern\u00e1n Lopes, Mauricio Zenteno, Hans Salinas; Ignacio Caroca, Misael D\u00e1vila, Johan Fuentes; Diego Torres; Diego Bielkiewicz\u00a0y Manuel Villalobos. DT: Jaime Vera. Independiente (2): Mart\u00edn Campa\u00f1a; Fabricio Bustos, Alan Franco, Fernando Amorebieta, Nicol\u00e1s Tagliafico; Nery Dominguez, Diego Rodr\u00edguez; Emiliano Rigoni, Maximiliano Meza, Ezequiel Barco; Leandro Fern\u00e1ndez. DT: Ariel Holan. [&hellip;]<\/p>\n","protected":false},"author":19,"featured_media":71714,"comment_status":"open","ping_status":"closed","sticky":false,"template":"","format":"standard","meta":{"_links_to":"","_links_to_target":""},"categories":[3247,1988],"tags":[153,3347,3493,295],"_links":{"self":[{"href":"https:\/\/www.locoxelrojo.com\/independiente\/wp-json\/wp\/v2\/posts\/71712"}],"collection":[{"href":"https:\/\/www.locoxelrojo.com\/independiente\/wp-json\/wp\/v2\/posts"}],"about":[{"href":"https:\/\/www.locoxelrojo.com\/independiente\/wp-json\/wp\/v2\/types\/post"}],"author":[{"embeddable":true,"href":"https:\/\/www.locoxelrojo.com\/independiente\/wp-json\/wp\/v2\/users\/19"}],"replies":[{"embeddable":true,"href":"https:\/\/www.locoxelrojo.com\/independiente\/wp-json\/wp\/v2\/comments?post=71712"}],"version-history":[{"count":0,"href":"https:\/\/www.locoxelrojo.com\/independiente\/wp-json\/wp\/v2\/posts\/71712\/revisions"}],"wp:featuredmedia":[{"embeddable":true,"href":"https:\/\/www.locoxelrojo.com\/independiente\/wp-json\/wp\/v2\/media\/71714"}],"wp:attachment":[{"href":"https:\/\/www.locoxelrojo.com\/independiente\/wp-json\/wp\/v2\/media?parent=71712"}],"wp:term":[{"taxonomy":"category","embeddable":true,"href":"https:\/\/www.locoxelrojo.com\/independiente\/wp-json\/wp\/v2\/categories?post=71712"},{"taxonomy":"post_tag","embeddable":true,"href":"https:\/\/www.locoxelrojo.com\/independiente\/wp-json\/wp\/v2\/tags?post=71712"}],"curies":[{"name":"wp","href":"https:\/\/api.w.org\/{rel}","templated":true}]}}