{"id":71715,"date":"2017-08-02T23:20:38","date_gmt":"2017-08-03T02:20:38","guid":{"rendered":"http:\/\/www.locoxelrojo.com\/independiente\/?p=71715"},"modified":"2017-08-03T01:15:54","modified_gmt":"2017-08-03T04:15:54","slug":"debuto-amorebieta","status":"publish","type":"post","link":"https:\/\/www.locoxelrojo.com\/independiente\/2017\/08\/02\/debuto-amorebieta\/","title":{"rendered":"Debut\u00f3 Amorebieta"},"content":{"rendered":"<p><strong>Fernando Amorebieta tuvo su debut oficial en Independiente frente a Deportes Iquique por la Copa Sudamericana<\/strong>. El vasco venezolano us\u00f3 la casaca n\u00famero 14 y cerr\u00f3 un aceptable partido.<\/p>\n<p>Tras su arribo de Espa\u00f1a, el ex Real Sporting de Gij\u00f3n tuvo su primera presentaci\u00f3n en el Rey de Copas, justamente en el plano internacional, <strong>tom\u00f3 el lugar de Nicol\u00e1s Tagliafico en la \u00faltima l\u00ednea y el capit\u00e1n volvi\u00f3 a jugar por la banda<\/strong>.<\/p>\n<p>Pese a que el gol chileno lleg\u00f3 por una desconcentraci\u00f3n suya y de Alan Franco, mostr\u00f3 su habilidad con salidas elegantes y, con el transcurso del encuentro, <strong>se fue acomodando en la zaga central.<\/strong><\/p>\n<p><strong>El defensor de 32 a\u00f1os no pas\u00f3 grandes sobresaltos pese a haber sido amonestado a los 21 minutos de la segunda etapa<\/strong>. Debut prometedor.<\/p>\n","protected":false},"excerpt":{"rendered":"<p>Fernando Amorebieta tuvo su debut oficial en Independiente frente a Deportes Iquique por la Copa Sudamericana. El vasco venezolano us\u00f3 la casaca n\u00famero 14 y cerr\u00f3 un aceptable partido. Tras su arribo de Espa\u00f1a, el ex Real Sporting de Gij\u00f3n tuvo su primera presentaci\u00f3n en el Rey de Copas, justamente en el plano internacional, tom\u00f3 [&hellip;]<\/p>\n","protected":false},"author":16,"featured_media":71717,"comment_status":"open","ping_status":"closed","sticky":false,"template":"","format":"standard","meta":{"_links_to":"","_links_to_target":""},"categories":[7,3247],"tags":[153,3347,3493,3517],"_links":{"self":[{"href":"https:\/\/www.locoxelrojo.com\/independiente\/wp-json\/wp\/v2\/posts\/71715"}],"collection":[{"href":"https:\/\/www.locoxelrojo.com\/independiente\/wp-json\/wp\/v2\/posts"}],"about":[{"href":"https:\/\/www.locoxelrojo.com\/independiente\/wp-json\/wp\/v2\/types\/post"}],"author":[{"embeddable":true,"href":"https:\/\/www.locoxelrojo.com\/independiente\/wp-json\/wp\/v2\/users\/16"}],"replies":[{"embeddable":true,"href":"https:\/\/www.locoxelrojo.com\/independiente\/wp-json\/wp\/v2\/comments?post=71715"}],"version-history":[{"count":0,"href":"https:\/\/www.locoxelrojo.com\/independiente\/wp-json\/wp\/v2\/posts\/71715\/revisions"}],"wp:featuredmedia":[{"embeddable":true,"href":"https:\/\/www.locoxelrojo.com\/independiente\/wp-json\/wp\/v2\/media\/71717"}],"wp:attachment":[{"href":"https:\/\/www.locoxelrojo.com\/independiente\/wp-json\/wp\/v2\/media?parent=71715"}],"wp:term":[{"taxonomy":"category","embeddable":true,"href":"https:\/\/www.locoxelrojo.com\/independiente\/wp-json\/wp\/v2\/categories?post=71715"},{"taxonomy":"post_tag","embeddable":true,"href":"https:\/\/www.locoxelrojo.com\/independiente\/wp-json\/wp\/v2\/tags?post=71715"}],"curies":[{"name":"wp","href":"https:\/\/api.w.org\/{rel}","templated":true}]}}