{"id":71775,"date":"2017-08-05T13:20:51","date_gmt":"2017-08-05T16:20:51","guid":{"rendered":"http:\/\/www.locoxelrojo.com\/independiente\/?p=71775"},"modified":"2017-09-06T23:01:31","modified_gmt":"2017-09-07T02:01:31","slug":"cero-absoluto","status":"publish","type":"post","link":"https:\/\/www.locoxelrojo.com\/independiente\/2017\/08\/05\/cero-absoluto\/","title":{"rendered":"Cero absoluto"},"content":{"rendered":"<p><strong>Las Divisiones Inferiores de Independiente enfrentaron a V\u00e9lez\u00a0por la 18\u00ba fecha del Campeonato 2017<\/strong>. Los mayores fueron locales en Villa Dom\u00ednico y los m\u00e1s chicos\u00a0jugaron en la Villa Ol\u00edmpica.<\/p>\n<p>Los pibes del Rojo ven\u00edan de <a href=\"https:\/\/www.locoxelrojo.com\/independiente\/2017\/07\/29\/un-sabado-para-el-olvido\/\">una jornada floj\u00edsima ante San Lorenzo<\/a> y este s\u00e1bado tuvieron un desempe\u00f1o todav\u00eda peor ante el Fort\u00edn.\u00a0<strong>Marcaron apenas cuatro goles y no pudieron rescatar ninguno de los 18 puntos en juego<\/strong>.<\/p>\n<p><strong>Todos los partidos fueron derrotas<\/strong>. Ni siquiera la Cuarta y la Quinta, que se ubican en los primeros puestos del campeonato, pudieron hacerle frente a V\u00e9lez.<\/p>\n<p><strong>El\u00a0pr\u00f3ximo\u00a0s\u00e1bado los juveniles intentar\u00e1n recuperarse ante Tigre<\/strong>. Los menores\u00a0jugar\u00e1n de local y los mayores ser\u00e1n visitantes.<\/p>\n<p><span style=\"text-decoration: underline;\"><strong>Todos los resultados y goleadores ante\u00a0V\u00e9lez<\/strong><\/span><\/p>\n<p><strong>Cuarta Divisi\u00f3n<\/strong><br \/>\nV\u00e9lez 4 &#8211; 0 Independiente<\/p>\n<p><strong>Quinta Divisi\u00f3n<br \/>\n<\/strong>V\u00e9lez 3\u00a0&#8211; 2\u00a0Independiente (Brian Mart\u00ednez -2-)<\/p>\n<p><strong>Sexta Divisi\u00f3n<br \/>\n<\/strong>V\u00e9lez 2\u00a0&#8211; 1\u00a0Independiente (Alejo Ayoso)<\/p>\n<p><strong>S\u00e9ptima Divisi\u00f3n<br \/>\n<\/strong>Independiente 1 &#8211; 2 V\u00e9lez (Lautaro C\u00e9sar)<\/p>\n<p><strong>Octava Divisi\u00f3n<br \/>\n<\/strong>Independiente 0\u00a0&#8211; 2 V\u00e9lez<\/p>\n<p><strong>Novena Divisi\u00f3n<\/strong><br \/>\nIndependiente 0\u00a0&#8211; 1\u00a0V\u00e9lez<\/p>\n","protected":false},"excerpt":{"rendered":"<p>Las Divisiones Inferiores de Independiente enfrentaron a V\u00e9lez\u00a0por la 18\u00ba fecha del Campeonato 2017. Los mayores fueron locales en Villa Dom\u00ednico y los m\u00e1s chicos\u00a0jugaron en la Villa Ol\u00edmpica. Los pibes del Rojo ven\u00edan de una jornada floj\u00edsima ante San Lorenzo y este s\u00e1bado tuvieron un desempe\u00f1o todav\u00eda peor ante el Fort\u00edn.\u00a0Marcaron apenas cuatro goles [&hellip;]<\/p>\n","protected":false},"author":8,"featured_media":71776,"comment_status":"open","ping_status":"closed","sticky":false,"template":"","format":"standard","meta":{"_links_to":"","_links_to_target":""},"categories":[3247,5],"tags":[3631,2722],"_links":{"self":[{"href":"https:\/\/www.locoxelrojo.com\/independiente\/wp-json\/wp\/v2\/posts\/71775"}],"collection":[{"href":"https:\/\/www.locoxelrojo.com\/independiente\/wp-json\/wp\/v2\/posts"}],"about":[{"href":"https:\/\/www.locoxelrojo.com\/independiente\/wp-json\/wp\/v2\/types\/post"}],"author":[{"embeddable":true,"href":"https:\/\/www.locoxelrojo.com\/independiente\/wp-json\/wp\/v2\/users\/8"}],"replies":[{"embeddable":true,"href":"https:\/\/www.locoxelrojo.com\/independiente\/wp-json\/wp\/v2\/comments?post=71775"}],"version-history":[{"count":0,"href":"https:\/\/www.locoxelrojo.com\/independiente\/wp-json\/wp\/v2\/posts\/71775\/revisions"}],"wp:featuredmedia":[{"embeddable":true,"href":"https:\/\/www.locoxelrojo.com\/independiente\/wp-json\/wp\/v2\/media\/71776"}],"wp:attachment":[{"href":"https:\/\/www.locoxelrojo.com\/independiente\/wp-json\/wp\/v2\/media?parent=71775"}],"wp:term":[{"taxonomy":"category","embeddable":true,"href":"https:\/\/www.locoxelrojo.com\/independiente\/wp-json\/wp\/v2\/categories?post=71775"},{"taxonomy":"post_tag","embeddable":true,"href":"https:\/\/www.locoxelrojo.com\/independiente\/wp-json\/wp\/v2\/tags?post=71775"}],"curies":[{"name":"wp","href":"https:\/\/api.w.org\/{rel}","templated":true}]}}