{"id":71809,"date":"2017-08-09T12:42:16","date_gmt":"2017-08-09T15:42:16","guid":{"rendered":"http:\/\/www.locoxelrojo.com\/independiente\/?p=71809"},"modified":"2017-08-09T12:42:16","modified_gmt":"2017-08-09T15:42:16","slug":"se-reintegro-dominguez","status":"publish","type":"post","link":"https:\/\/www.locoxelrojo.com\/independiente\/2017\/08\/09\/se-reintegro-dominguez\/","title":{"rendered":"Se reintegr\u00f3 Dom\u00ednguez"},"content":{"rendered":"<p><a href=\"https:\/\/www.locoxelrojo.com\/independiente\/2017\/08\/08\/vespertino-con-un-ausente\/\">Luego de no haber participado de la pr\u00e1ctica vespertina de ayer<\/a>, <strong>Nery Dom\u00ednguez volvi\u00f3 a unirse\u00a0al resto del plantel este martes en el entrenamiento matutino que se llev\u00f3 a cabo en Villa Dom\u00ednico<\/strong>.<\/p>\n<p>El mediocampista del Rojo recibi\u00f3 hoy el alta m\u00e9dica tras reponerse de su cuadro gripal y hoy se movi\u00f3 al igual que sus compa\u00f1eros. <strong>Los futbolistas realizaron\u00a0una entrada en calor y posteriormente se desarrollaron ejercicios con pelota<\/strong>.<\/p>\n<blockquote class=\"twitter-video\" data-lang=\"es\">\n<p dir=\"ltr\" lang=\"es\"><a href=\"https:\/\/twitter.com\/hashtag\/FutbolCAI?src=hash\">#FutbolCAI<\/a> &#8211; El plantel profesional de <a href=\"https:\/\/twitter.com\/hashtag\/Independiente?src=hash\">#Independiente<\/a> realiza la entrada en calor en <a href=\"https:\/\/twitter.com\/hashtag\/VillaDominico?src=hash\">#VillaDominico<\/a>.<a href=\"https:\/\/twitter.com\/hashtag\/VamosRojo?src=hash\">#VamosRojo<\/a> <a href=\"https:\/\/t.co\/Zl5WfLxGyw\">pic.twitter.com\/Zl5WfLxGyw<\/a><\/p>\n<p>\u2014 C. A. Independiente (@Independiente) <a href=\"https:\/\/twitter.com\/Independiente\/status\/895276919368941569\">9 de agosto de 2017<\/a><\/p><\/blockquote>\n<p><script async src=\"\/\/platform.twitter.com\/widgets.js\" charset=\"utf-8\"><\/script><\/p>\n<p>Por otra parte, <strong>Emmanuel Gigliotti, Francisco Pizzini y\u00a0Juan S\u00e1nchez Mi\u00f1o\u00a0<\/strong>contin\u00faan con sus\u00a0respectivos\u00a0trabajos de recuperaci\u00f3n. Mientras que\u00a0<strong>Ezequiel Barco y Mart\u00edn Ben\u00edtez\u00a0<\/strong>hicieron ejercicios diferenciados con pelota.<\/p>\n<blockquote class=\"twitter-video\" data-lang=\"es\">\n<p dir=\"ltr\" lang=\"es\"><a href=\"https:\/\/twitter.com\/hashtag\/FutbolCAI?src=hash\">#FutbolCAI<\/a> &#8211; As\u00ed trabajan de manera diferenciada Ezequiel Barco y Mart\u00edn Ben\u00edtez, en <a href=\"https:\/\/twitter.com\/hashtag\/VillaDominico?src=hash\">#VillaDominico<\/a>. <a href=\"https:\/\/t.co\/NyY5PxslN0\">pic.twitter.com\/NyY5PxslN0<\/a><\/p>\n<p>\u2014 C. A. Independiente (@Independiente) <a href=\"https:\/\/twitter.com\/Independiente\/status\/895295193854947329\">9 de agosto de 2017<\/a><\/p><\/blockquote>\n<p><script async src=\"\/\/platform.twitter.com\/widgets.js\" charset=\"utf-8\"><\/script><\/p>\n","protected":false},"excerpt":{"rendered":"<p>Luego de no haber participado de la pr\u00e1ctica vespertina de ayer, Nery Dom\u00ednguez volvi\u00f3 a unirse\u00a0al resto del plantel este martes en el entrenamiento matutino que se llev\u00f3 a cabo en Villa Dom\u00ednico. El mediocampista del Rojo recibi\u00f3 hoy el alta m\u00e9dica tras reponerse de su cuadro gripal y hoy se movi\u00f3 al igual que [&hellip;]<\/p>\n","protected":false},"author":19,"featured_media":71810,"comment_status":"open","ping_status":"closed","sticky":false,"template":"","format":"standard","meta":{"_links_to":"","_links_to_target":""},"categories":[3247,3],"tags":[26,3371,1683],"_links":{"self":[{"href":"https:\/\/www.locoxelrojo.com\/independiente\/wp-json\/wp\/v2\/posts\/71809"}],"collection":[{"href":"https:\/\/www.locoxelrojo.com\/independiente\/wp-json\/wp\/v2\/posts"}],"about":[{"href":"https:\/\/www.locoxelrojo.com\/independiente\/wp-json\/wp\/v2\/types\/post"}],"author":[{"embeddable":true,"href":"https:\/\/www.locoxelrojo.com\/independiente\/wp-json\/wp\/v2\/users\/19"}],"replies":[{"embeddable":true,"href":"https:\/\/www.locoxelrojo.com\/independiente\/wp-json\/wp\/v2\/comments?post=71809"}],"version-history":[{"count":0,"href":"https:\/\/www.locoxelrojo.com\/independiente\/wp-json\/wp\/v2\/posts\/71809\/revisions"}],"wp:featuredmedia":[{"embeddable":true,"href":"https:\/\/www.locoxelrojo.com\/independiente\/wp-json\/wp\/v2\/media\/71810"}],"wp:attachment":[{"href":"https:\/\/www.locoxelrojo.com\/independiente\/wp-json\/wp\/v2\/media?parent=71809"}],"wp:term":[{"taxonomy":"category","embeddable":true,"href":"https:\/\/www.locoxelrojo.com\/independiente\/wp-json\/wp\/v2\/categories?post=71809"},{"taxonomy":"post_tag","embeddable":true,"href":"https:\/\/www.locoxelrojo.com\/independiente\/wp-json\/wp\/v2\/tags?post=71809"}],"curies":[{"name":"wp","href":"https:\/\/api.w.org\/{rel}","templated":true}]}}